{"id":61250,"date":"2025-10-14T11:54:52","date_gmt":"2025-10-14T08:54:52","guid":{"rendered":"https:\/\/www.egemtv.com\/?p=61250"},"modified":"2025-10-14T11:54:54","modified_gmt":"2025-10-14T08:54:54","slug":"gedizde-korkutan-yangin","status":"publish","type":"post","link":"https:\/\/www.egemtv.com\/?p=61250","title":{"rendered":"Gediz\u2019de korkutan yang\u0131n"},"content":{"rendered":"<p>K\u00fctahya\u2019n\u0131n Gediz il\u00e7esinde \u00e7\u0131kan yang\u0131n sonras\u0131 iki katl\u0131 ah\u015fap bir ev kullan\u0131lamaz hale geldi.<br \/>\n<br \/>Yang\u0131n, Muhipler Mahallesinde meydana geldi. Edinilen bilgilere g\u00f6re, yang\u0131n ihbar\u0131 alan itfaiye ekipleri h\u0131zl\u0131 bir \u015fekilde olay yerine giderek iki katl\u0131 ah\u015fap evde \u00e7\u0131kan yang\u0131na m\u00fcdahale etti. Yang\u0131n ekiplerin yakla\u015f\u0131k 1 saat s\u00fcren m\u00fcdahalesi sonras\u0131 s\u00f6nd\u00fcr\u00fcld\u00fc. Yang\u0131n\u0131n ard\u0131ndan evde b\u00fcy\u00fck \u00e7apta maddi hasar meydana geldi.<br \/>\n<br \/>Yang\u0131n\u0131n ard\u0131ndan a\u00e7\u0131klama yapan Gediz Belediye Ba\u015fkan\u0131 Necdet Akel, &#8220;Bu sabah saatlerinde \u015fehir i\u00e7inde bulunan 2 katl\u0131 bir evde \u00e7\u0131kan yang\u0131na ekiplerimiz h\u0131zl\u0131ca m\u00fcdahale etti. Yang\u0131nda can kayb\u0131 ya\u015fanmamas\u0131 en b\u00fcy\u00fck tesellimizdir. Evi yanan Feridun Baydemir\u2019e ge\u00e7mi\u015f olsun dileklerimizi ilettik. Rabbim bu t\u00fcr kazalardan hepimizi korusun. Belediye olarak yang\u0131n\u0131n yaralar\u0131n\u0131 sarmak i\u00e7in elimizden gelen t\u00fcm deste\u011fi sa\u011flayaca\u011f\u0131z&#8221; dedi.<br \/><\/p>\n","protected":false},"excerpt":{"rendered":"<p>K\u00fctahya\u2019n\u0131n Gediz il\u00e7esinde \u00e7\u0131kan yang\u0131n sonras\u0131 iki katl\u0131 ah\u015fap bir ev kullan\u0131lamaz hale geldi. Yang\u0131n, Muhipler Mahallesinde meydana geldi. Edinilen bilgilere g\u00f6re, yang\u0131n ihbar\u0131 alan itfaiye ekipleri h\u0131zl\u0131 bir \u015fekilde olay yerine giderek iki katl\u0131 ah\u015fap evde \u00e7\u0131kan yang\u0131na m\u00fcdahale etti. Yang\u0131n ekiplerin yakla\u015f\u0131k 1 saat s\u00fcren m\u00fcdahalesi sonras\u0131 s\u00f6nd\u00fcr\u00fcld\u00fc. Yang\u0131n\u0131n ard\u0131ndan evde b\u00fcy\u00fck \u00e7apta&#8230;<\/p>\n","protected":false},"author":1,"featured_media":61251,"comment_status":"open","ping_status":"open","sticky":false,"template":"","format":"standard","meta":{"_crdt_document":"","footnotes":""},"categories":[5],"tags":[],"class_list":["post-61250","post","type-post","status-publish","format-standard","has-post-thumbnail","hentry","category-asayis"],"_links":{"self":[{"href":"https:\/\/www.egemtv.com\/index.php?rest_route=\/wp\/v2\/posts\/61250","targetHints":{"allow":["GET"]}}],"collection":[{"href":"https:\/\/www.egemtv.com\/index.php?rest_route=\/wp\/v2\/posts"}],"about":[{"href":"https:\/\/www.egemtv.com\/index.php?rest_route=\/wp\/v2\/types\/post"}],"author":[{"embeddable":true,"href":"https:\/\/www.egemtv.com\/index.php?rest_route=\/wp\/v2\/users\/1"}],"replies":[{"embeddable":true,"href":"https:\/\/www.egemtv.com\/index.php?rest_route=%2Fwp%2Fv2%2Fcomments&post=61250"}],"version-history":[{"count":1,"href":"https:\/\/www.egemtv.com\/index.php?rest_route=\/wp\/v2\/posts\/61250\/revisions"}],"predecessor-version":[{"id":61252,"href":"https:\/\/www.egemtv.com\/index.php?rest_route=\/wp\/v2\/posts\/61250\/revisions\/61252"}],"wp:featuredmedia":[{"embeddable":true,"href":"https:\/\/www.egemtv.com\/index.php?rest_route=\/wp\/v2\/media\/61251"}],"wp:attachment":[{"href":"https:\/\/www.egemtv.com\/index.php?rest_route=%2Fwp%2Fv2%2Fmedia&parent=61250"}],"wp:term":[{"taxonomy":"category","embeddable":true,"href":"https:\/\/www.egemtv.com\/index.php?rest_route=%2Fwp%2Fv2%2Fcategories&post=61250"},{"taxonomy":"post_tag","embeddable":true,"href":"https:\/\/www.egemtv.com\/index.php?rest_route=%2Fwp%2Fv2%2Ftags&post=61250"}],"curies":[{"name":"wp","href":"https:\/\/api.w.org\/{rel}","templated":true}]}}