{"id":61247,"date":"2025-10-14T11:54:48","date_gmt":"2025-10-14T08:54:48","guid":{"rendered":"https:\/\/www.egemtv.com\/?p=61247"},"modified":"2025-10-14T11:54:50","modified_gmt":"2025-10-14T08:54:50","slug":"kopege-carpmamak-icin-manevra-yapinca-bariyerlere-carpip-yaralandi","status":"publish","type":"post","link":"https:\/\/www.egemtv.com\/?p=61247","title":{"rendered":"K\u00f6pe\u011fe \u00e7arpmamak i\u00e7in manevra yap\u0131nca bariyerlere \u00e7arp\u0131p yaraland\u0131"},"content":{"rendered":"<p>Afyonkarahisar\u2019da aniden \u00f6n\u00fcne \u00e7\u0131kan sokak k\u00f6pe\u011fine \u00e7arpmamak i\u00e7in manevra yapan motosikletin s\u00fcr\u00fcc\u00fcs\u00fc bariyerlere \u00e7arparak yaraland\u0131.<br \/>\n<br \/>Kaza, Sultanda\u011f\u0131 il\u00e7esi Dere\u00e7ine beldesi yak\u0131nlar\u0131nda meydana geldi. Edinilen bilgilere g\u00f6re, S.U., y\u00f6netimindeki 42 BCP 386 plakal\u0131 motosiklet s\u00fcr\u00fcc\u00fcs\u00fc aniden \u00f6n\u00fcne \u00e7\u0131kan sokak k\u00f6pe\u011fine \u00e7arpmamak i\u00e7im manevra yap\u0131nca ara\u00e7 kontrolden \u00e7\u0131kt\u0131. Savrulan motosiklet ard\u0131ndan bariyerlere \u00e7arpt\u0131. Kazada yola d\u00fc\u015fen s\u00fcr\u00fcc\u00fc a\u011f\u0131r yaraland\u0131. Yaralanan \u015fah\u0131s \u00e7evredekilerin haber vermesi ile olay yerine gelen ambulansla hastaneye kald\u0131r\u0131ld\u0131.<br \/>\n<br \/>Kazan\u0131n ard\u0131ndan jandarma taraf\u0131ndan inceleme ba\u015flat\u0131ld\u0131.<br \/><\/p>\n","protected":false},"excerpt":{"rendered":"<p>Afyonkarahisar\u2019da aniden \u00f6n\u00fcne \u00e7\u0131kan sokak k\u00f6pe\u011fine \u00e7arpmamak i\u00e7in manevra yapan motosikletin s\u00fcr\u00fcc\u00fcs\u00fc bariyerlere \u00e7arparak yaraland\u0131. Kaza, Sultanda\u011f\u0131 il\u00e7esi Dere\u00e7ine beldesi yak\u0131nlar\u0131nda meydana geldi. Edinilen bilgilere g\u00f6re, S.U., y\u00f6netimindeki 42 BCP 386 plakal\u0131 motosiklet s\u00fcr\u00fcc\u00fcs\u00fc aniden \u00f6n\u00fcne \u00e7\u0131kan sokak k\u00f6pe\u011fine \u00e7arpmamak i\u00e7im manevra yap\u0131nca ara\u00e7 kontrolden \u00e7\u0131kt\u0131. Savrulan motosiklet ard\u0131ndan bariyerlere \u00e7arpt\u0131. Kazada yola d\u00fc\u015fen s\u00fcr\u00fcc\u00fc&#8230;<\/p>\n","protected":false},"author":1,"featured_media":61248,"comment_status":"open","ping_status":"open","sticky":false,"template":"","format":"standard","meta":{"_crdt_document":"","footnotes":""},"categories":[5],"tags":[],"class_list":["post-61247","post","type-post","status-publish","format-standard","has-post-thumbnail","hentry","category-asayis"],"_links":{"self":[{"href":"https:\/\/www.egemtv.com\/index.php?rest_route=\/wp\/v2\/posts\/61247","targetHints":{"allow":["GET"]}}],"collection":[{"href":"https:\/\/www.egemtv.com\/index.php?rest_route=\/wp\/v2\/posts"}],"about":[{"href":"https:\/\/www.egemtv.com\/index.php?rest_route=\/wp\/v2\/types\/post"}],"author":[{"embeddable":true,"href":"https:\/\/www.egemtv.com\/index.php?rest_route=\/wp\/v2\/users\/1"}],"replies":[{"embeddable":true,"href":"https:\/\/www.egemtv.com\/index.php?rest_route=%2Fwp%2Fv2%2Fcomments&post=61247"}],"version-history":[{"count":1,"href":"https:\/\/www.egemtv.com\/index.php?rest_route=\/wp\/v2\/posts\/61247\/revisions"}],"predecessor-version":[{"id":61249,"href":"https:\/\/www.egemtv.com\/index.php?rest_route=\/wp\/v2\/posts\/61247\/revisions\/61249"}],"wp:featuredmedia":[{"embeddable":true,"href":"https:\/\/www.egemtv.com\/index.php?rest_route=\/wp\/v2\/media\/61248"}],"wp:attachment":[{"href":"https:\/\/www.egemtv.com\/index.php?rest_route=%2Fwp%2Fv2%2Fmedia&parent=61247"}],"wp:term":[{"taxonomy":"category","embeddable":true,"href":"https:\/\/www.egemtv.com\/index.php?rest_route=%2Fwp%2Fv2%2Fcategories&post=61247"},{"taxonomy":"post_tag","embeddable":true,"href":"https:\/\/www.egemtv.com\/index.php?rest_route=%2Fwp%2Fv2%2Ftags&post=61247"}],"curies":[{"name":"wp","href":"https:\/\/api.w.org\/{rel}","templated":true}]}}