{"id":61244,"date":"2025-10-14T11:15:08","date_gmt":"2025-10-14T08:15:08","guid":{"rendered":"https:\/\/www.egemtv.com\/?p=61244"},"modified":"2025-10-14T11:15:10","modified_gmt":"2025-10-14T08:15:10","slug":"antik-kentte-jandarma-devriyesi","status":"publish","type":"post","link":"https:\/\/www.egemtv.com\/?p=61244","title":{"rendered":"Antik kentte jandarma devriyesi"},"content":{"rendered":"<p>Ayd\u0131n\u2019\u0131n \u00c7ine il\u00e7esindeki Alabanda Antik Kenti\u2019nde jandarma ekipleri taraf\u0131ndan devriye kontrol faaliyeti ger\u00e7ekle\u015ftirildi.<br \/>\n<br \/>Ayd\u0131n \u0130l Jandarma Komutanl\u0131\u011f\u0131 \u00c7evre, Do\u011fa ve Hayvanlar\u0131 Koruma Tim Komutanl\u0131\u011f\u0131 taraf\u0131ndan &#8220;Alabanda Antik Kenti\u2019nin&#8221; kontrol faaliyeti ger\u00e7ekle\u015ftirildi. Faaliyete, K\u00fclt\u00fcr ve Tabiat Varl\u0131klar\u0131n\u0131n Korunmas\u0131 kapsam\u0131nda \u00c7ine b\u00f6lgesinde bulunan Alabanda Antik Kentinin kontrol ve denetim faaliyeti yap\u0131ld\u0131.<br \/><\/p>\n","protected":false},"excerpt":{"rendered":"<p>Ayd\u0131n\u2019\u0131n \u00c7ine il\u00e7esindeki Alabanda Antik Kenti\u2019nde jandarma ekipleri taraf\u0131ndan devriye kontrol faaliyeti ger\u00e7ekle\u015ftirildi. Ayd\u0131n \u0130l Jandarma Komutanl\u0131\u011f\u0131 \u00c7evre, Do\u011fa ve Hayvanlar\u0131 Koruma Tim Komutanl\u0131\u011f\u0131 taraf\u0131ndan &#8220;Alabanda Antik Kenti\u2019nin&#8221; kontrol faaliyeti ger\u00e7ekle\u015ftirildi. Faaliyete, K\u00fclt\u00fcr ve Tabiat Varl\u0131klar\u0131n\u0131n Korunmas\u0131 kapsam\u0131nda \u00c7ine b\u00f6lgesinde bulunan Alabanda Antik Kentinin kontrol ve denetim faaliyeti yap\u0131ld\u0131.<\/p>\n","protected":false},"author":1,"featured_media":61245,"comment_status":"open","ping_status":"open","sticky":false,"template":"","format":"standard","meta":{"_crdt_document":"","footnotes":""},"categories":[5],"tags":[],"class_list":["post-61244","post","type-post","status-publish","format-standard","has-post-thumbnail","hentry","category-asayis"],"_links":{"self":[{"href":"https:\/\/www.egemtv.com\/index.php?rest_route=\/wp\/v2\/posts\/61244","targetHints":{"allow":["GET"]}}],"collection":[{"href":"https:\/\/www.egemtv.com\/index.php?rest_route=\/wp\/v2\/posts"}],"about":[{"href":"https:\/\/www.egemtv.com\/index.php?rest_route=\/wp\/v2\/types\/post"}],"author":[{"embeddable":true,"href":"https:\/\/www.egemtv.com\/index.php?rest_route=\/wp\/v2\/users\/1"}],"replies":[{"embeddable":true,"href":"https:\/\/www.egemtv.com\/index.php?rest_route=%2Fwp%2Fv2%2Fcomments&post=61244"}],"version-history":[{"count":1,"href":"https:\/\/www.egemtv.com\/index.php?rest_route=\/wp\/v2\/posts\/61244\/revisions"}],"predecessor-version":[{"id":61246,"href":"https:\/\/www.egemtv.com\/index.php?rest_route=\/wp\/v2\/posts\/61244\/revisions\/61246"}],"wp:featuredmedia":[{"embeddable":true,"href":"https:\/\/www.egemtv.com\/index.php?rest_route=\/wp\/v2\/media\/61245"}],"wp:attachment":[{"href":"https:\/\/www.egemtv.com\/index.php?rest_route=%2Fwp%2Fv2%2Fmedia&parent=61244"}],"wp:term":[{"taxonomy":"category","embeddable":true,"href":"https:\/\/www.egemtv.com\/index.php?rest_route=%2Fwp%2Fv2%2Fcategories&post=61244"},{"taxonomy":"post_tag","embeddable":true,"href":"https:\/\/www.egemtv.com\/index.php?rest_route=%2Fwp%2Fv2%2Ftags&post=61244"}],"curies":[{"name":"wp","href":"https:\/\/api.w.org\/{rel}","templated":true}]}}