{"id":61241,"date":"2025-10-14T11:15:03","date_gmt":"2025-10-14T08:15:03","guid":{"rendered":"https:\/\/www.egemtv.com\/?p=61241"},"modified":"2025-10-14T11:15:07","modified_gmt":"2025-10-14T08:15:07","slug":"jandarma-16-yil-hapis-cezasiyla-aranan-sahsi-yakaladi","status":"publish","type":"post","link":"https:\/\/www.egemtv.com\/?p=61241","title":{"rendered":"Jandarma 16 y\u0131l hapis cezas\u0131yla aranan \u015fahs\u0131 yakalad\u0131"},"content":{"rendered":"<p>Afyonkarahisar\u2019da 16 y\u0131l hapis cezas\u0131yla aranan \u015fah\u0131s jandarman\u0131n takibi sonras\u0131 yakaland\u0131.<br \/>\n<br \/>Afyonkarahisar \u0130l Jandarma Komutanl\u0131\u011f\u0131 taraf\u0131ndan aranan \u015fah\u0131slar\u0131n yakalanmas\u0131na y\u00f6nelik \u00e7al\u0131\u015fma ba\u015flat\u0131ld\u0131. Yap\u0131lan incelemelerde M.K., isimli \u015fahs\u0131n kasten \u00f6ld\u00fcrme su\u00e7undan 16 y\u0131l hapis cezas\u0131yla arand\u0131\u011f\u0131 tespit edildi. Ard\u0131ndan \u015fahs\u0131n pe\u015fine d\u00fc\u015fen ekipler \u015f\u00fcpheliyi Salar beldesinde yakalayarak g\u00f6zalt\u0131na ald\u0131. \u015eah\u0131s i\u015flemlerinin ard\u0131ndan sevk edildi\u011fi mahkeme taraf\u0131ndan tutuklanarak cezaevine g\u00f6nderildi.<br \/><\/p>\n","protected":false},"excerpt":{"rendered":"<p>Afyonkarahisar\u2019da 16 y\u0131l hapis cezas\u0131yla aranan \u015fah\u0131s jandarman\u0131n takibi sonras\u0131 yakaland\u0131. Afyonkarahisar \u0130l Jandarma Komutanl\u0131\u011f\u0131 taraf\u0131ndan aranan \u015fah\u0131slar\u0131n yakalanmas\u0131na y\u00f6nelik \u00e7al\u0131\u015fma ba\u015flat\u0131ld\u0131. Yap\u0131lan incelemelerde M.K., isimli \u015fahs\u0131n kasten \u00f6ld\u00fcrme su\u00e7undan 16 y\u0131l hapis cezas\u0131yla arand\u0131\u011f\u0131 tespit edildi. Ard\u0131ndan \u015fahs\u0131n pe\u015fine d\u00fc\u015fen ekipler \u015f\u00fcpheliyi Salar beldesinde yakalayarak g\u00f6zalt\u0131na ald\u0131. \u015eah\u0131s i\u015flemlerinin ard\u0131ndan sevk edildi\u011fi mahkeme taraf\u0131ndan&#8230;<\/p>\n","protected":false},"author":1,"featured_media":61242,"comment_status":"open","ping_status":"open","sticky":false,"template":"","format":"standard","meta":{"_crdt_document":"","footnotes":""},"categories":[5],"tags":[],"class_list":["post-61241","post","type-post","status-publish","format-standard","has-post-thumbnail","hentry","category-asayis"],"_links":{"self":[{"href":"https:\/\/www.egemtv.com\/index.php?rest_route=\/wp\/v2\/posts\/61241","targetHints":{"allow":["GET"]}}],"collection":[{"href":"https:\/\/www.egemtv.com\/index.php?rest_route=\/wp\/v2\/posts"}],"about":[{"href":"https:\/\/www.egemtv.com\/index.php?rest_route=\/wp\/v2\/types\/post"}],"author":[{"embeddable":true,"href":"https:\/\/www.egemtv.com\/index.php?rest_route=\/wp\/v2\/users\/1"}],"replies":[{"embeddable":true,"href":"https:\/\/www.egemtv.com\/index.php?rest_route=%2Fwp%2Fv2%2Fcomments&post=61241"}],"version-history":[{"count":1,"href":"https:\/\/www.egemtv.com\/index.php?rest_route=\/wp\/v2\/posts\/61241\/revisions"}],"predecessor-version":[{"id":61243,"href":"https:\/\/www.egemtv.com\/index.php?rest_route=\/wp\/v2\/posts\/61241\/revisions\/61243"}],"wp:featuredmedia":[{"embeddable":true,"href":"https:\/\/www.egemtv.com\/index.php?rest_route=\/wp\/v2\/media\/61242"}],"wp:attachment":[{"href":"https:\/\/www.egemtv.com\/index.php?rest_route=%2Fwp%2Fv2%2Fmedia&parent=61241"}],"wp:term":[{"taxonomy":"category","embeddable":true,"href":"https:\/\/www.egemtv.com\/index.php?rest_route=%2Fwp%2Fv2%2Fcategories&post=61241"},{"taxonomy":"post_tag","embeddable":true,"href":"https:\/\/www.egemtv.com\/index.php?rest_route=%2Fwp%2Fv2%2Ftags&post=61241"}],"curies":[{"name":"wp","href":"https:\/\/api.w.org\/{rel}","templated":true}]}}