{"id":61238,"date":"2025-10-14T11:14:58","date_gmt":"2025-10-14T08:14:58","guid":{"rendered":"https:\/\/www.egemtv.com\/?p=61238"},"modified":"2025-10-14T11:15:00","modified_gmt":"2025-10-14T08:15:00","slug":"emirdag-muftulugunde-hizmetici-egitim","status":"publish","type":"post","link":"https:\/\/www.egemtv.com\/?p=61238","title":{"rendered":"Emirda\u011f M\u00fcft\u00fcl\u00fc\u011f\u00fcnde hizmeti\u00e7i e\u011fitim"},"content":{"rendered":"<p>Diyanet \u0130\u015fleri Ba\u015fkanl\u0131\u011f\u0131nca haz\u0131rlanan \u2018Haf\u0131zl\u0131\u011f\u0131 Muhafaza Hizmet \u0130\u00e7i E\u011fitim Program\u0131\u2019 \u00e7er\u00e7evesinde Emirda\u011f M\u00fcft\u00fcl\u00fc\u011f\u00fcnde e\u011fitim \u00e7al\u0131\u015fmas\u0131 ba\u015flad\u0131.<br \/>\n<br \/>Emirda\u011f M\u00fcft\u00fcs\u00fc Cihan Eker\u2019in \u00f6nderli\u011finde din hizmetleri s\u0131n\u0131f\u0131nda g\u00f6revli haf\u0131z personelinin Kur\u2019an-\u0131 Kerim\u2019i usul\u00fcne uygun ezbere okuyabilmelerini sa\u011flamak, din hizmetlerinde b\u00fcy\u00fck bir \u00f6neme sahip olan haf\u0131zl\u0131klar\u0131n\u0131 peki\u015ftirmek, a\u015f\u0131r okuma tav\u0131rlar\u0131n\u0131 geli\u015ftirmek amac\u0131yla alt\u0131 ay s\u00fcreli \u2018Haf\u0131zl\u0131\u011f\u0131 Muhafaza Hizmet \u0130\u00e7i E\u011fitim Program\u0131\u2019 verilmeye ba\u015fland\u0131.<br \/><\/p>\n","protected":false},"excerpt":{"rendered":"<p>Diyanet \u0130\u015fleri Ba\u015fkanl\u0131\u011f\u0131nca haz\u0131rlanan \u2018Haf\u0131zl\u0131\u011f\u0131 Muhafaza Hizmet \u0130\u00e7i E\u011fitim Program\u0131\u2019 \u00e7er\u00e7evesinde Emirda\u011f M\u00fcft\u00fcl\u00fc\u011f\u00fcnde e\u011fitim \u00e7al\u0131\u015fmas\u0131 ba\u015flad\u0131. Emirda\u011f M\u00fcft\u00fcs\u00fc Cihan Eker\u2019in \u00f6nderli\u011finde din hizmetleri s\u0131n\u0131f\u0131nda g\u00f6revli haf\u0131z personelinin Kur\u2019an-\u0131 Kerim\u2019i usul\u00fcne uygun ezbere okuyabilmelerini sa\u011flamak, din hizmetlerinde b\u00fcy\u00fck bir \u00f6neme sahip olan haf\u0131zl\u0131klar\u0131n\u0131 peki\u015ftirmek, a\u015f\u0131r okuma tav\u0131rlar\u0131n\u0131 geli\u015ftirmek amac\u0131yla alt\u0131 ay s\u00fcreli \u2018Haf\u0131zl\u0131\u011f\u0131 Muhafaza Hizmet \u0130\u00e7i&#8230;<\/p>\n","protected":false},"author":1,"featured_media":61239,"comment_status":"open","ping_status":"open","sticky":false,"template":"","format":"standard","meta":{"_crdt_document":"","footnotes":""},"categories":[1],"tags":[],"class_list":["post-61238","post","type-post","status-publish","format-standard","has-post-thumbnail","hentry","category-guncel"],"_links":{"self":[{"href":"https:\/\/www.egemtv.com\/index.php?rest_route=\/wp\/v2\/posts\/61238","targetHints":{"allow":["GET"]}}],"collection":[{"href":"https:\/\/www.egemtv.com\/index.php?rest_route=\/wp\/v2\/posts"}],"about":[{"href":"https:\/\/www.egemtv.com\/index.php?rest_route=\/wp\/v2\/types\/post"}],"author":[{"embeddable":true,"href":"https:\/\/www.egemtv.com\/index.php?rest_route=\/wp\/v2\/users\/1"}],"replies":[{"embeddable":true,"href":"https:\/\/www.egemtv.com\/index.php?rest_route=%2Fwp%2Fv2%2Fcomments&post=61238"}],"version-history":[{"count":1,"href":"https:\/\/www.egemtv.com\/index.php?rest_route=\/wp\/v2\/posts\/61238\/revisions"}],"predecessor-version":[{"id":61240,"href":"https:\/\/www.egemtv.com\/index.php?rest_route=\/wp\/v2\/posts\/61238\/revisions\/61240"}],"wp:featuredmedia":[{"embeddable":true,"href":"https:\/\/www.egemtv.com\/index.php?rest_route=\/wp\/v2\/media\/61239"}],"wp:attachment":[{"href":"https:\/\/www.egemtv.com\/index.php?rest_route=%2Fwp%2Fv2%2Fmedia&parent=61238"}],"wp:term":[{"taxonomy":"category","embeddable":true,"href":"https:\/\/www.egemtv.com\/index.php?rest_route=%2Fwp%2Fv2%2Fcategories&post=61238"},{"taxonomy":"post_tag","embeddable":true,"href":"https:\/\/www.egemtv.com\/index.php?rest_route=%2Fwp%2Fv2%2Ftags&post=61238"}],"curies":[{"name":"wp","href":"https:\/\/api.w.org\/{rel}","templated":true}]}}