{"id":61235,"date":"2025-10-14T11:14:55","date_gmt":"2025-10-14T08:14:55","guid":{"rendered":"https:\/\/www.egemtv.com\/?p=61235"},"modified":"2025-10-14T11:14:56","modified_gmt":"2025-10-14T08:14:56","slug":"nazillide-yol-yenileme-calismalarina-hiz-verildi","status":"publish","type":"post","link":"https:\/\/www.egemtv.com\/?p=61235","title":{"rendered":"Nazilli\u2019de yol yenileme \u00e7al\u0131\u015fmalar\u0131na h\u0131z verildi"},"content":{"rendered":"<p>Nazilli Belediyesi Fen \u0130\u015fleri M\u00fcd\u00fcrl\u00fc\u011f\u00fc ekipleri, Ye\u015filyurt ve Yeni Sanayi Mahalleleri\u2019nde altyap\u0131 \u00e7al\u0131\u015fmalar\u0131 nedeniyle bozulan yollar\u0131n yenilenmesi i\u00e7in \u00e7al\u0131\u015fmalara ba\u015flad\u0131.<br \/>\n<br \/>Elektrik, do\u011falgaz ve telefon hatlar\u0131yla ilgili altyap\u0131 \u00e7al\u0131\u015fmalar\u0131 sonras\u0131nda deforme olan yollar\u0131n iyile\u015ftirilmesi amac\u0131yla ba\u015flat\u0131lan \u00e7al\u0131\u015fmalar kapsam\u0131nda, parkeler s\u00f6k\u00fclerek yollar\u0131n stabilizasyon i\u015flemleri ger\u00e7ekle\u015ftirildi.<br \/>\n<br \/>Nazilli genelinde altyap\u0131 \u00e7al\u0131\u015fmalar\u0131 nedeniyle zarar g\u00f6ren t\u00fcm yollar\u0131n yenilenece\u011fini belirten Nazilli Belediye Ba\u015fkan\u0131 Dr. Ertu\u011frul Tetik; &#8220;\u00d6zellikle a\u015fa\u011f\u0131 Nazilli olarak adland\u0131r\u0131lan, devlet karayolunun alt k\u0131sm\u0131nda kalan mahallelerimizde yol yenileme \u00e7al\u0131\u015fmalar\u0131na a\u011f\u0131rl\u0131k verece\u011fiz. Vatanda\u015flar\u0131m\u0131z\u0131n daha g\u00fcvenli ve konforlu ula\u015f\u0131m sa\u011flamas\u0131 i\u00e7in t\u00fcm ekiplerimizle sahaday\u0131z&#8221; dedi.<br \/><\/p>\n","protected":false},"excerpt":{"rendered":"<p>Nazilli Belediyesi Fen \u0130\u015fleri M\u00fcd\u00fcrl\u00fc\u011f\u00fc ekipleri, Ye\u015filyurt ve Yeni Sanayi Mahalleleri\u2019nde altyap\u0131 \u00e7al\u0131\u015fmalar\u0131 nedeniyle bozulan yollar\u0131n yenilenmesi i\u00e7in \u00e7al\u0131\u015fmalara ba\u015flad\u0131. Elektrik, do\u011falgaz ve telefon hatlar\u0131yla ilgili altyap\u0131 \u00e7al\u0131\u015fmalar\u0131 sonras\u0131nda deforme olan yollar\u0131n iyile\u015ftirilmesi amac\u0131yla ba\u015flat\u0131lan \u00e7al\u0131\u015fmalar kapsam\u0131nda, parkeler s\u00f6k\u00fclerek yollar\u0131n stabilizasyon i\u015flemleri ger\u00e7ekle\u015ftirildi. Nazilli genelinde altyap\u0131 \u00e7al\u0131\u015fmalar\u0131 nedeniyle zarar g\u00f6ren t\u00fcm yollar\u0131n yenilenece\u011fini belirten Nazilli&#8230;<\/p>\n","protected":false},"author":1,"featured_media":61236,"comment_status":"open","ping_status":"open","sticky":false,"template":"","format":"standard","meta":{"_crdt_document":"","footnotes":""},"categories":[1],"tags":[],"class_list":["post-61235","post","type-post","status-publish","format-standard","has-post-thumbnail","hentry","category-guncel"],"_links":{"self":[{"href":"https:\/\/www.egemtv.com\/index.php?rest_route=\/wp\/v2\/posts\/61235","targetHints":{"allow":["GET"]}}],"collection":[{"href":"https:\/\/www.egemtv.com\/index.php?rest_route=\/wp\/v2\/posts"}],"about":[{"href":"https:\/\/www.egemtv.com\/index.php?rest_route=\/wp\/v2\/types\/post"}],"author":[{"embeddable":true,"href":"https:\/\/www.egemtv.com\/index.php?rest_route=\/wp\/v2\/users\/1"}],"replies":[{"embeddable":true,"href":"https:\/\/www.egemtv.com\/index.php?rest_route=%2Fwp%2Fv2%2Fcomments&post=61235"}],"version-history":[{"count":1,"href":"https:\/\/www.egemtv.com\/index.php?rest_route=\/wp\/v2\/posts\/61235\/revisions"}],"predecessor-version":[{"id":61237,"href":"https:\/\/www.egemtv.com\/index.php?rest_route=\/wp\/v2\/posts\/61235\/revisions\/61237"}],"wp:featuredmedia":[{"embeddable":true,"href":"https:\/\/www.egemtv.com\/index.php?rest_route=\/wp\/v2\/media\/61236"}],"wp:attachment":[{"href":"https:\/\/www.egemtv.com\/index.php?rest_route=%2Fwp%2Fv2%2Fmedia&parent=61235"}],"wp:term":[{"taxonomy":"category","embeddable":true,"href":"https:\/\/www.egemtv.com\/index.php?rest_route=%2Fwp%2Fv2%2Fcategories&post=61235"},{"taxonomy":"post_tag","embeddable":true,"href":"https:\/\/www.egemtv.com\/index.php?rest_route=%2Fwp%2Fv2%2Ftags&post=61235"}],"curies":[{"name":"wp","href":"https:\/\/api.w.org\/{rel}","templated":true}]}}