{"id":61232,"date":"2025-10-14T10:54:59","date_gmt":"2025-10-14T07:54:59","guid":{"rendered":"https:\/\/www.egemtv.com\/?p=61232"},"modified":"2025-10-14T10:55:01","modified_gmt":"2025-10-14T07:55:01","slug":"bozdoganda-4-yil-hapis-cezasi-ile-aranan-kisi-yakalandi","status":"publish","type":"post","link":"https:\/\/www.egemtv.com\/?p=61232","title":{"rendered":"Bozdo\u011fan\u2019da 4 y\u0131l hapis cezas\u0131 ile aranan ki\u015fi yakaland\u0131"},"content":{"rendered":"<p>Ayd\u0131n\u2019\u0131n Bozdo\u011fan il\u00e7esinde 4 y\u0131l hapis cezas\u0131 ile aranan ki\u015fi jandarma ekipleri taraf\u0131ndan yakaland\u0131.<br \/>\n<br \/>Ayd\u0131n \u0130l Jandarma Komutanl\u0131\u011f\u0131 Bozdo\u011fan \u0130l\u00e7e Jandarma Komutanl\u0131\u011f\u0131 ekiplerince aranan \u015fah\u0131slar\u0131n yakalanmas\u0131na y\u00f6nelik olarak icra edilen operasyon sonucunda, &#8220;Bina \u0130\u00e7inde Muhafaza Alt\u0131na Al\u0131nm\u0131\u015f E\u015fya Hakk\u0131nda H\u0131rs\u0131zl\u0131k&#8221; su\u00e7undan 4 y\u0131l 2 ay hapis cezas\u0131 bulunan \u015fah\u0131s yakaland\u0131. \u015eah\u0131s gerekli adli i\u015flemlerine m\u00fcteakip, Nazilli E Tipi Kapal\u0131 Ceza \u0130nfaz Kurumu\u2019na teslim edildi.<br \/><\/p>\n","protected":false},"excerpt":{"rendered":"<p>Ayd\u0131n\u2019\u0131n Bozdo\u011fan il\u00e7esinde 4 y\u0131l hapis cezas\u0131 ile aranan ki\u015fi jandarma ekipleri taraf\u0131ndan yakaland\u0131. Ayd\u0131n \u0130l Jandarma Komutanl\u0131\u011f\u0131 Bozdo\u011fan \u0130l\u00e7e Jandarma Komutanl\u0131\u011f\u0131 ekiplerince aranan \u015fah\u0131slar\u0131n yakalanmas\u0131na y\u00f6nelik olarak icra edilen operasyon sonucunda, &#8220;Bina \u0130\u00e7inde Muhafaza Alt\u0131na Al\u0131nm\u0131\u015f E\u015fya Hakk\u0131nda H\u0131rs\u0131zl\u0131k&#8221; su\u00e7undan 4 y\u0131l 2 ay hapis cezas\u0131 bulunan \u015fah\u0131s yakaland\u0131. \u015eah\u0131s gerekli adli i\u015flemlerine m\u00fcteakip,&#8230;<\/p>\n","protected":false},"author":1,"featured_media":61233,"comment_status":"open","ping_status":"open","sticky":false,"template":"","format":"standard","meta":{"_crdt_document":"","footnotes":""},"categories":[5],"tags":[],"class_list":["post-61232","post","type-post","status-publish","format-standard","has-post-thumbnail","hentry","category-asayis"],"_links":{"self":[{"href":"https:\/\/www.egemtv.com\/index.php?rest_route=\/wp\/v2\/posts\/61232","targetHints":{"allow":["GET"]}}],"collection":[{"href":"https:\/\/www.egemtv.com\/index.php?rest_route=\/wp\/v2\/posts"}],"about":[{"href":"https:\/\/www.egemtv.com\/index.php?rest_route=\/wp\/v2\/types\/post"}],"author":[{"embeddable":true,"href":"https:\/\/www.egemtv.com\/index.php?rest_route=\/wp\/v2\/users\/1"}],"replies":[{"embeddable":true,"href":"https:\/\/www.egemtv.com\/index.php?rest_route=%2Fwp%2Fv2%2Fcomments&post=61232"}],"version-history":[{"count":1,"href":"https:\/\/www.egemtv.com\/index.php?rest_route=\/wp\/v2\/posts\/61232\/revisions"}],"predecessor-version":[{"id":61234,"href":"https:\/\/www.egemtv.com\/index.php?rest_route=\/wp\/v2\/posts\/61232\/revisions\/61234"}],"wp:featuredmedia":[{"embeddable":true,"href":"https:\/\/www.egemtv.com\/index.php?rest_route=\/wp\/v2\/media\/61233"}],"wp:attachment":[{"href":"https:\/\/www.egemtv.com\/index.php?rest_route=%2Fwp%2Fv2%2Fmedia&parent=61232"}],"wp:term":[{"taxonomy":"category","embeddable":true,"href":"https:\/\/www.egemtv.com\/index.php?rest_route=%2Fwp%2Fv2%2Fcategories&post=61232"},{"taxonomy":"post_tag","embeddable":true,"href":"https:\/\/www.egemtv.com\/index.php?rest_route=%2Fwp%2Fv2%2Ftags&post=61232"}],"curies":[{"name":"wp","href":"https:\/\/api.w.org\/{rel}","templated":true}]}}