{"id":61229,"date":"2025-10-14T10:54:55","date_gmt":"2025-10-14T07:54:55","guid":{"rendered":"https:\/\/www.egemtv.com\/?p=61229"},"modified":"2025-10-14T10:54:57","modified_gmt":"2025-10-14T07:54:57","slug":"okulda-deprem-tahliye-tatbikati-yapildi","status":"publish","type":"post","link":"https:\/\/www.egemtv.com\/?p=61229","title":{"rendered":"Okulda deprem tahliye tatbikat\u0131 yap\u0131ld\u0131"},"content":{"rendered":"<p>Afyonkarahisar\u2019\u0131n \u015euhut il\u00e7esinde Cumhuriyet \u0130lkokulu\u2019nda, &#8220;Ye\u015fil Vatan-Benim Okulum Gelece\u011fe \u00c7are&#8221; etkinlikleri \u00e7er\u00e7evesinde \u2018Afetler ve Dayan\u0131kl\u0131l\u0131k Ay\u0131\u2019 dolay\u0131s\u0131yla tahliye tatbikat\u0131 ger\u00e7ekle\u015ftirildi.<br \/>\n<br \/>Tatbikat ile \u00f6\u011frencilerde afet bilinci, dayan\u0131\u015fma ve kriz an\u0131nda do\u011fru hareket etme al\u0131\u015fkanl\u0131\u011f\u0131 kazand\u0131rmay\u0131 ama\u00e7lad\u0131\u011f\u0131 kaydedildi. \u00d6\u011frenciler, alarm sesinin ard\u0131ndan \u00f6\u011fretmenlerinin rehberli\u011finde s\u0131n\u0131flar\u0131n\u0131 h\u0131zl\u0131 ve kontroll\u00fc \u015fekilde bo\u015faltarak toplanma alan\u0131nda g\u00fcvenli bir bi\u00e7imde topland\u0131.<br \/>\n<br \/>Okul idaresi taraf\u0131ndan yap\u0131lan a\u00e7\u0131klamada, afetlere kar\u015f\u0131 fark\u0131ndal\u0131\u011f\u0131n art\u0131r\u0131lmas\u0131 ve \u00f6\u011frencilerin haz\u0131rl\u0131kl\u0131 bireyler olarak yeti\u015ftirilmesinin b\u00fcy\u00fck \u00f6nem ta\u015f\u0131d\u0131\u011f\u0131 vurguland\u0131.<br \/><\/p>\n","protected":false},"excerpt":{"rendered":"<p>Afyonkarahisar\u2019\u0131n \u015euhut il\u00e7esinde Cumhuriyet \u0130lkokulu\u2019nda, &#8220;Ye\u015fil Vatan-Benim Okulum Gelece\u011fe \u00c7are&#8221; etkinlikleri \u00e7er\u00e7evesinde \u2018Afetler ve Dayan\u0131kl\u0131l\u0131k Ay\u0131\u2019 dolay\u0131s\u0131yla tahliye tatbikat\u0131 ger\u00e7ekle\u015ftirildi. Tatbikat ile \u00f6\u011frencilerde afet bilinci, dayan\u0131\u015fma ve kriz an\u0131nda do\u011fru hareket etme al\u0131\u015fkanl\u0131\u011f\u0131 kazand\u0131rmay\u0131 ama\u00e7lad\u0131\u011f\u0131 kaydedildi. \u00d6\u011frenciler, alarm sesinin ard\u0131ndan \u00f6\u011fretmenlerinin rehberli\u011finde s\u0131n\u0131flar\u0131n\u0131 h\u0131zl\u0131 ve kontroll\u00fc \u015fekilde bo\u015faltarak toplanma alan\u0131nda g\u00fcvenli bir bi\u00e7imde topland\u0131. Okul&#8230;<\/p>\n","protected":false},"author":1,"featured_media":61230,"comment_status":"open","ping_status":"open","sticky":false,"template":"","format":"standard","meta":{"_crdt_document":"","footnotes":""},"categories":[1],"tags":[],"class_list":["post-61229","post","type-post","status-publish","format-standard","has-post-thumbnail","hentry","category-guncel"],"_links":{"self":[{"href":"https:\/\/www.egemtv.com\/index.php?rest_route=\/wp\/v2\/posts\/61229","targetHints":{"allow":["GET"]}}],"collection":[{"href":"https:\/\/www.egemtv.com\/index.php?rest_route=\/wp\/v2\/posts"}],"about":[{"href":"https:\/\/www.egemtv.com\/index.php?rest_route=\/wp\/v2\/types\/post"}],"author":[{"embeddable":true,"href":"https:\/\/www.egemtv.com\/index.php?rest_route=\/wp\/v2\/users\/1"}],"replies":[{"embeddable":true,"href":"https:\/\/www.egemtv.com\/index.php?rest_route=%2Fwp%2Fv2%2Fcomments&post=61229"}],"version-history":[{"count":1,"href":"https:\/\/www.egemtv.com\/index.php?rest_route=\/wp\/v2\/posts\/61229\/revisions"}],"predecessor-version":[{"id":61231,"href":"https:\/\/www.egemtv.com\/index.php?rest_route=\/wp\/v2\/posts\/61229\/revisions\/61231"}],"wp:featuredmedia":[{"embeddable":true,"href":"https:\/\/www.egemtv.com\/index.php?rest_route=\/wp\/v2\/media\/61230"}],"wp:attachment":[{"href":"https:\/\/www.egemtv.com\/index.php?rest_route=%2Fwp%2Fv2%2Fmedia&parent=61229"}],"wp:term":[{"taxonomy":"category","embeddable":true,"href":"https:\/\/www.egemtv.com\/index.php?rest_route=%2Fwp%2Fv2%2Fcategories&post=61229"},{"taxonomy":"post_tag","embeddable":true,"href":"https:\/\/www.egemtv.com\/index.php?rest_route=%2Fwp%2Fv2%2Ftags&post=61229"}],"curies":[{"name":"wp","href":"https:\/\/api.w.org\/{rel}","templated":true}]}}