{"id":61226,"date":"2025-10-14T10:54:53","date_gmt":"2025-10-14T07:54:53","guid":{"rendered":"https:\/\/www.egemtv.com\/?p=61226"},"modified":"2025-10-14T10:54:54","modified_gmt":"2025-10-14T07:54:54","slug":"prof-dr-yasemin-kilic-ozturkten-uluslararasi-basari","status":"publish","type":"post","link":"https:\/\/www.egemtv.com\/?p=61226","title":{"rendered":"Prof. Dr. Yasemin K\u0131l\u0131\u00e7 \u00d6zt\u00fcrk\u2019ten uluslararas\u0131 ba\u015far\u0131"},"content":{"rendered":"<p>Tepecik E\u011fitim ve Ara\u015ft\u0131rma Hastanesi Aile Hekimli\u011fi Klini\u011fi E\u011fitim Sorumlusu Prof. Dr. Yasemin K\u0131l\u0131\u00e7 \u00d6zt\u00fcrk, Eyl\u00fcl ay\u0131nda Kuzey Makedonya\u2019n\u0131n \u00dcsk\u00fcp kentinde d\u00fczenlenen Uluslararas\u0131 Kat\u0131l\u0131ml\u0131 21. Kuzey Makedonya Cumhuriyeti Doktorlar\u0131 Kongresi\u2019ne 41 ki\u015filik T\u00fcrk heyetiyle kat\u0131larak \u00fclkemizi ba\u015far\u0131yla temsil etti.<br \/>\n<br \/>Kongrede konu\u015fma yapan Kuzey Makedonya Sa\u011fl\u0131k Bakan\u0131 Azir Aliu ile \u00e7al\u0131\u015fmalar\u0131n\u0131 payla\u015fan Prof. Dr. \u00d6zt\u00fcrk, ayn\u0131 zamanda kongre d\u00fczenleme komitesinde de g\u00f6rev ald\u0131. Program kapsam\u0131nda \u00fc\u00e7 T\u00fcrk akademisyenle birlikte Makedonya\u2019da ilk kez d\u00fczenlenen Yara Bak\u0131m Kursu\u2019nu ger\u00e7ekle\u015ftiren Prof. Dr. \u00d6zt\u00fcrk, Tepecik E\u011fitim ve Ara\u015ft\u0131rma Hastanesi Aile Hekimli\u011fi Klini\u011fi\u2019nde y\u00fcr\u00fct\u00fclen &#8220;Palyatif Bak\u0131mda Nutrisyon Uygulamalar\u0131&#8221; konulu sunumunu da payla\u015ft\u0131.<br \/>\n<br \/>Kongre s\u00fcresince d\u00fczenlenen Makedon Tabip Odas\u0131\u2019n\u0131n 80. kurulu\u015f y\u0131ld\u00f6n\u00fcm\u00fc kutlama etkinli\u011finde, Makedonya Cumhurba\u015fkan\u0131 Gordana Siljanovska\u2019n\u0131n kat\u0131l\u0131m\u0131yla ger\u00e7ekle\u015ftirilen t\u00f6rende Prof. Dr. Yasemin K\u0131l\u0131\u00e7 \u00d6zt\u00fcrk, &#8220;Makedon Tabip Odas\u0131n\u0131 Uluslararas\u0131 Alanda Destekleyen Bilim \u0130nsan\u0131&#8221; \u00f6d\u00fcl\u00fcne lay\u0131k g\u00f6r\u00fcld\u00fc.<br \/><\/p>\n","protected":false},"excerpt":{"rendered":"<p>Tepecik E\u011fitim ve Ara\u015ft\u0131rma Hastanesi Aile Hekimli\u011fi Klini\u011fi E\u011fitim Sorumlusu Prof. Dr. Yasemin K\u0131l\u0131\u00e7 \u00d6zt\u00fcrk, Eyl\u00fcl ay\u0131nda Kuzey Makedonya\u2019n\u0131n \u00dcsk\u00fcp kentinde d\u00fczenlenen Uluslararas\u0131 Kat\u0131l\u0131ml\u0131 21. Kuzey Makedonya Cumhuriyeti Doktorlar\u0131 Kongresi\u2019ne 41 ki\u015filik T\u00fcrk heyetiyle kat\u0131larak \u00fclkemizi ba\u015far\u0131yla temsil etti. Kongrede konu\u015fma yapan Kuzey Makedonya Sa\u011fl\u0131k Bakan\u0131 Azir Aliu ile \u00e7al\u0131\u015fmalar\u0131n\u0131 payla\u015fan Prof. Dr. \u00d6zt\u00fcrk, ayn\u0131&#8230;<\/p>\n","protected":false},"author":1,"featured_media":61227,"comment_status":"open","ping_status":"open","sticky":false,"template":"","format":"standard","meta":{"_crdt_document":"","footnotes":""},"categories":[2],"tags":[],"class_list":["post-61226","post","type-post","status-publish","format-standard","has-post-thumbnail","hentry","category-saglik"],"_links":{"self":[{"href":"https:\/\/www.egemtv.com\/index.php?rest_route=\/wp\/v2\/posts\/61226","targetHints":{"allow":["GET"]}}],"collection":[{"href":"https:\/\/www.egemtv.com\/index.php?rest_route=\/wp\/v2\/posts"}],"about":[{"href":"https:\/\/www.egemtv.com\/index.php?rest_route=\/wp\/v2\/types\/post"}],"author":[{"embeddable":true,"href":"https:\/\/www.egemtv.com\/index.php?rest_route=\/wp\/v2\/users\/1"}],"replies":[{"embeddable":true,"href":"https:\/\/www.egemtv.com\/index.php?rest_route=%2Fwp%2Fv2%2Fcomments&post=61226"}],"version-history":[{"count":1,"href":"https:\/\/www.egemtv.com\/index.php?rest_route=\/wp\/v2\/posts\/61226\/revisions"}],"predecessor-version":[{"id":61228,"href":"https:\/\/www.egemtv.com\/index.php?rest_route=\/wp\/v2\/posts\/61226\/revisions\/61228"}],"wp:featuredmedia":[{"embeddable":true,"href":"https:\/\/www.egemtv.com\/index.php?rest_route=\/wp\/v2\/media\/61227"}],"wp:attachment":[{"href":"https:\/\/www.egemtv.com\/index.php?rest_route=%2Fwp%2Fv2%2Fmedia&parent=61226"}],"wp:term":[{"taxonomy":"category","embeddable":true,"href":"https:\/\/www.egemtv.com\/index.php?rest_route=%2Fwp%2Fv2%2Fcategories&post=61226"},{"taxonomy":"post_tag","embeddable":true,"href":"https:\/\/www.egemtv.com\/index.php?rest_route=%2Fwp%2Fv2%2Ftags&post=61226"}],"curies":[{"name":"wp","href":"https:\/\/api.w.org\/{rel}","templated":true}]}}