{"id":61223,"date":"2025-10-14T10:54:51","date_gmt":"2025-10-14T07:54:51","guid":{"rendered":"https:\/\/www.egemtv.com\/?p=61223"},"modified":"2025-10-14T10:54:52","modified_gmt":"2025-10-14T07:54:52","slug":"kablo-hirsizi-yakalandi","status":"publish","type":"post","link":"https:\/\/www.egemtv.com\/?p=61223","title":{"rendered":"Kablo h\u0131rs\u0131z\u0131 yakaland\u0131"},"content":{"rendered":"<p>Ayd\u0131n\u2019\u0131n Karpuzlu il\u00e7esinde bir tarladaki trafodan kablo \u00e7alan h\u0131rs\u0131z jandarma ekiplerinin \u00e7al\u0131\u015fmas\u0131 ile yakaland\u0131.<br \/>\n<br \/>G\u00f6lc\u00fck Mahallesindeki tarlada bulunan trafodan elektrik kablolar\u0131n\u0131n (35 metre) kimli\u011fi belirsiz \u015fah\u0131s\/\u015fah\u0131slarca \u00e7al\u0131nd\u0131\u011f\u0131 ihbar edildi. Ayd\u0131n \u0130l Jandarma Komutanl\u0131\u011f\u0131 JASAT ve Karpuzlu \u0130l\u00e7e Jandarma Komutanl\u0131\u011f\u0131 ekiplerince koordineli olarak h\u0131rs\u0131zl\u0131k olay\u0131 ara\u015ft\u0131r\u0131lmaya ba\u015fland\u0131. Olay yeri, \u00e7evresinde ve muhtemel ka\u00e7\u0131\u015f istikametlerinde bulunan kameralara ait g\u00f6r\u00fcnt\u00fcler incelendi. Elde edilen bulgular \u00e7er\u00e7evesinde devriye ekipleri \u015f\u00fcphelinin ikamet etti\u011fi Ak\u00e7aabat Mahallesi\u2019ne y\u00f6nlendirildi. \u015e\u00fcpheli \u015fahs\u0131n evinin \u00f6n\u00fcnde yap\u0131lan kontrolde h\u0131rs\u0131zl\u0131\u011fa konu kablolar\u0131n oldu\u011fu g\u00f6r\u00fcl\u00fcrken \u015fah\u0131s kablolar\u0131 \u00e7ald\u0131\u011f\u0131n\u0131 itiraf etti. H\u0131rs\u0131zl\u0131\u011fa konu elektrik kablolar\u0131, m\u00fc\u015ftekiye teslim edildi. Yakalanan \u015f\u00fcpheli \u015fah\u0131s hakk\u0131nda adli i\u015flemlere ba\u015fland\u0131.<br \/><\/p>\n","protected":false},"excerpt":{"rendered":"<p>Ayd\u0131n\u2019\u0131n Karpuzlu il\u00e7esinde bir tarladaki trafodan kablo \u00e7alan h\u0131rs\u0131z jandarma ekiplerinin \u00e7al\u0131\u015fmas\u0131 ile yakaland\u0131. G\u00f6lc\u00fck Mahallesindeki tarlada bulunan trafodan elektrik kablolar\u0131n\u0131n (35 metre) kimli\u011fi belirsiz \u015fah\u0131s\/\u015fah\u0131slarca \u00e7al\u0131nd\u0131\u011f\u0131 ihbar edildi. Ayd\u0131n \u0130l Jandarma Komutanl\u0131\u011f\u0131 JASAT ve Karpuzlu \u0130l\u00e7e Jandarma Komutanl\u0131\u011f\u0131 ekiplerince koordineli olarak h\u0131rs\u0131zl\u0131k olay\u0131 ara\u015ft\u0131r\u0131lmaya ba\u015fland\u0131. Olay yeri, \u00e7evresinde ve muhtemel ka\u00e7\u0131\u015f istikametlerinde bulunan kameralara&#8230;<\/p>\n","protected":false},"author":1,"featured_media":61224,"comment_status":"open","ping_status":"open","sticky":false,"template":"","format":"standard","meta":{"_crdt_document":"","footnotes":""},"categories":[5],"tags":[],"class_list":["post-61223","post","type-post","status-publish","format-standard","has-post-thumbnail","hentry","category-asayis"],"_links":{"self":[{"href":"https:\/\/www.egemtv.com\/index.php?rest_route=\/wp\/v2\/posts\/61223","targetHints":{"allow":["GET"]}}],"collection":[{"href":"https:\/\/www.egemtv.com\/index.php?rest_route=\/wp\/v2\/posts"}],"about":[{"href":"https:\/\/www.egemtv.com\/index.php?rest_route=\/wp\/v2\/types\/post"}],"author":[{"embeddable":true,"href":"https:\/\/www.egemtv.com\/index.php?rest_route=\/wp\/v2\/users\/1"}],"replies":[{"embeddable":true,"href":"https:\/\/www.egemtv.com\/index.php?rest_route=%2Fwp%2Fv2%2Fcomments&post=61223"}],"version-history":[{"count":1,"href":"https:\/\/www.egemtv.com\/index.php?rest_route=\/wp\/v2\/posts\/61223\/revisions"}],"predecessor-version":[{"id":61225,"href":"https:\/\/www.egemtv.com\/index.php?rest_route=\/wp\/v2\/posts\/61223\/revisions\/61225"}],"wp:featuredmedia":[{"embeddable":true,"href":"https:\/\/www.egemtv.com\/index.php?rest_route=\/wp\/v2\/media\/61224"}],"wp:attachment":[{"href":"https:\/\/www.egemtv.com\/index.php?rest_route=%2Fwp%2Fv2%2Fmedia&parent=61223"}],"wp:term":[{"taxonomy":"category","embeddable":true,"href":"https:\/\/www.egemtv.com\/index.php?rest_route=%2Fwp%2Fv2%2Fcategories&post=61223"},{"taxonomy":"post_tag","embeddable":true,"href":"https:\/\/www.egemtv.com\/index.php?rest_route=%2Fwp%2Fv2%2Ftags&post=61223"}],"curies":[{"name":"wp","href":"https:\/\/api.w.org\/{rel}","templated":true}]}}