{"id":61220,"date":"2025-10-14T10:54:49","date_gmt":"2025-10-14T07:54:49","guid":{"rendered":"https:\/\/www.egemtv.com\/?p=61220"},"modified":"2025-10-14T10:54:50","modified_gmt":"2025-10-14T07:54:50","slug":"sektorlerin-cozum-bekleyen-konulari-iztoda-gorusuldu","status":"publish","type":"post","link":"https:\/\/www.egemtv.com\/?p=61220","title":{"rendered":"Sekt\u00f6rlerin \u00e7\u00f6z\u00fcm bekleyen konular\u0131 \u0130ZTO\u2019da g\u00f6r\u00fc\u015f\u00fcld\u00fc"},"content":{"rendered":"<p>\u0130zmir i\u015f insanlar\u0131, ekonomiye ili\u015fkin talep ve beklentilerini \u0130zmir Ticaret Odas\u0131 \u00e7at\u0131s\u0131 alt\u0131nda g\u00f6r\u00fc\u015ft\u00fc. 80 farkl\u0131 sekt\u00f6rde faaliyet g\u00f6steren \u0130zmir Ticaret Odas\u0131 Meslek Komitesi \u00fcyelerinin ana g\u00fcndemi &#8220;finansmana eri\u015fim&#8221; konusunda ya\u015fanan zorluklar oldu.<br \/>\n<br \/>\u0130zmir Ticaret Odas\u0131 Y\u00f6netim Kurulu Ba\u015fkan\u0131 Mahmut \u00d6zgener, hem 2026 y\u0131l\u0131 b\u00fct\u00e7e planlamas\u0131 yap\u0131l\u0131rken \u00f6ncelik verilmesi gereken konular\u0131 hem de &#8220;\u0130zmir\u2019in 5 y\u0131ld\u0131z\u0131&#8221; olarak tabir edilen, &#8220;Kemalpa\u015fa Lojistik Merkezi&#8221;, &#8220;Dikili Tar\u0131ma Dayal\u0131 \u0130htisas Organize Sanayi B\u00f6lgesi&#8221;, &#8220;K\u0131n\u0131k Tar\u0131ma Dayal\u0131 \u0130htisas Bitkisel \u00dcretim Organize Sanayi B\u00f6lgesi&#8221;, &#8220;Bay\u0131nd\u0131r Tar\u0131ma Dayal\u0131 \u0130htisas Sera Organize Sanayi B\u00f6lgesi&#8221; ve &#8220;Torbal\u0131 Karma ve Mobilya Organize Sanayi B\u00f6lgesi&#8221; projelerine ili\u015fkin son geli\u015fmeleri payla\u015ft\u0131.<\/p>\n<p>\u00d6zgener\u2019den detayl\u0131 sunum<br \/>\n<br \/>105 bine yak\u0131n \u00fcyesiyle \u0130zmir\u2019in ekonomine katk\u0131 sa\u011flamak i\u00e7in \u00e7al\u0131\u015fmalar\u0131n\u0131 s\u00fcrd\u00fcren \u0130zmir Ticaret Odas\u0131\u2019n\u0131n Meslek Komiteleri Ortak Toplant\u0131s\u0131, Meclis Ba\u015fkan\u0131 Selami \u00d6zpoyraz ba\u015fkanl\u0131\u011f\u0131nda, 80 farkl\u0131 sekt\u00f6rde hizmet veren i\u015f insanlar\u0131n\u0131n yo\u011fun kat\u0131l\u0131m\u0131yla ger\u00e7ekle\u015ftirildi.<br \/>\n<br \/>Konu\u015fmas\u0131nda \u0130zmir Ticaret Odas\u0131 \u00f6nc\u00fcl\u00fc\u011f\u00fcnde y\u00fcr\u00fct\u00fclen projelerin geldi\u011fi a\u015famalar\u0131 aktaran \u0130zmir Ticaret Odas\u0131 Y\u00f6netim Y\u00f6netim Kurulu Ba\u015fkan\u0131 Mahmut \u00d6zgener,  \u00fcyelere T\u00fcrkiye\u2019de ve D\u00fcnyada ya\u015fanan ekonomik geli\u015fmeleri de i\u00e7eren 1 saatlik bir sunum yapt\u0131.<\/p>\n<p>Ortak ak\u0131l vurgusu<br \/>\n<br \/>Toplant\u0131 g\u00fcndeminin, meslek komitesi \u00fcyelerinden gelen talepler do\u011frultusunda \u015fekillendi\u011fini ifade eden \u00d6zgener, &#8220;Hep birlikte g\u00f6reve ba\u015flad\u0131\u011f\u0131m\u0131z g\u00fcnden bu yana temsil etti\u011finiz sekt\u00f6rlerdeki tecr\u00fcbenizle, \u00f6nerileriniz ve aktif kat\u0131l\u0131m\u0131n\u0131zla, Odam\u0131z\u0131n \u00e7al\u0131\u015fmalar\u0131na y\u00f6n veriyorsunuz. Sekt\u00f6rlerimizin geli\u015fimine katk\u0131 sa\u011flamak amac\u0131yla g\u00fcndeme getirdi\u011finiz t\u00fcm talep ve \u00f6nerileri, sizlerden ald\u0131\u011f\u0131m\u0131z g\u00fc\u00e7le ve ortak ak\u0131lla hayata ge\u00e7irmek i\u00e7in hep birlikte \u00e7al\u0131\u015f\u0131yoruz.  K\u00fcresel ve ulusal geli\u015fmeleri yak\u0131ndan takip ederek, kentimizin ticari ve ekonomik hayat\u0131na y\u00f6n verme sorumlulu\u011funu birlikte omuzlamaya devam ediyoruz. 140 y\u0131ll\u0131k tarihi \u00e7\u0131nar\u0131m\u0131z olan Odam\u0131z\u0131, sizlerin de\u011ferli katk\u0131 ve kat\u0131l\u0131mlar\u0131yla birlik ve beraberlik i\u00e7inde y\u00f6netiyoruz, y\u00f6netmeye de devam edece\u011fiz&#8221; dedi.<br \/><\/p>\n","protected":false},"excerpt":{"rendered":"<p>\u0130zmir i\u015f insanlar\u0131, ekonomiye ili\u015fkin talep ve beklentilerini \u0130zmir Ticaret Odas\u0131 \u00e7at\u0131s\u0131 alt\u0131nda g\u00f6r\u00fc\u015ft\u00fc. 80 farkl\u0131 sekt\u00f6rde faaliyet g\u00f6steren \u0130zmir Ticaret Odas\u0131 Meslek Komitesi \u00fcyelerinin ana g\u00fcndemi &#8220;finansmana eri\u015fim&#8221; konusunda ya\u015fanan zorluklar oldu. \u0130zmir Ticaret Odas\u0131 Y\u00f6netim Kurulu Ba\u015fkan\u0131 Mahmut \u00d6zgener, hem 2026 y\u0131l\u0131 b\u00fct\u00e7e planlamas\u0131 yap\u0131l\u0131rken \u00f6ncelik verilmesi gereken konular\u0131 hem de &#8220;\u0130zmir\u2019in 5&#8230;<\/p>\n","protected":false},"author":1,"featured_media":61221,"comment_status":"open","ping_status":"open","sticky":false,"template":"","format":"standard","meta":{"_crdt_document":"","footnotes":""},"categories":[125],"tags":[],"class_list":["post-61220","post","type-post","status-publish","format-standard","has-post-thumbnail","hentry","category-ekonomi"],"_links":{"self":[{"href":"https:\/\/www.egemtv.com\/index.php?rest_route=\/wp\/v2\/posts\/61220","targetHints":{"allow":["GET"]}}],"collection":[{"href":"https:\/\/www.egemtv.com\/index.php?rest_route=\/wp\/v2\/posts"}],"about":[{"href":"https:\/\/www.egemtv.com\/index.php?rest_route=\/wp\/v2\/types\/post"}],"author":[{"embeddable":true,"href":"https:\/\/www.egemtv.com\/index.php?rest_route=\/wp\/v2\/users\/1"}],"replies":[{"embeddable":true,"href":"https:\/\/www.egemtv.com\/index.php?rest_route=%2Fwp%2Fv2%2Fcomments&post=61220"}],"version-history":[{"count":1,"href":"https:\/\/www.egemtv.com\/index.php?rest_route=\/wp\/v2\/posts\/61220\/revisions"}],"predecessor-version":[{"id":61222,"href":"https:\/\/www.egemtv.com\/index.php?rest_route=\/wp\/v2\/posts\/61220\/revisions\/61222"}],"wp:featuredmedia":[{"embeddable":true,"href":"https:\/\/www.egemtv.com\/index.php?rest_route=\/wp\/v2\/media\/61221"}],"wp:attachment":[{"href":"https:\/\/www.egemtv.com\/index.php?rest_route=%2Fwp%2Fv2%2Fmedia&parent=61220"}],"wp:term":[{"taxonomy":"category","embeddable":true,"href":"https:\/\/www.egemtv.com\/index.php?rest_route=%2Fwp%2Fv2%2Fcategories&post=61220"},{"taxonomy":"post_tag","embeddable":true,"href":"https:\/\/www.egemtv.com\/index.php?rest_route=%2Fwp%2Fv2%2Ftags&post=61220"}],"curies":[{"name":"wp","href":"https:\/\/api.w.org\/{rel}","templated":true}]}}