{"id":61214,"date":"2025-10-14T10:34:43","date_gmt":"2025-10-14T07:34:43","guid":{"rendered":"https:\/\/www.egemtv.com\/?p=61214"},"modified":"2025-10-14T10:34:47","modified_gmt":"2025-10-14T07:34:47","slug":"aydinda-10-yil-hapis-cezasi-ile-aranan-kisi-yakalandi","status":"publish","type":"post","link":"https:\/\/www.egemtv.com\/?p=61214","title":{"rendered":"Ayd\u0131n\u2019da 10 y\u0131l hapis cezas\u0131 ile aranan ki\u015fi yakaland\u0131"},"content":{"rendered":"<p>Ayd\u0131n\u2019\u0131n Efeler il\u00e7esinde 10 y\u0131l hapis cezas\u0131 ile aranan ki\u015fi jandarma ekipleri taraf\u0131ndan yakaland\u0131.<\/p>\n<p>Ayd\u0131n \u0130l Jandarma Komutanl\u0131\u011f\u0131 Jandarma Su\u00e7 Ara\u015ft\u0131rma Timi, Asayi\u015f \u015eube M\u00fcd\u00fcrl\u00fc\u011f\u00fc, Efeler \u0130l\u00e7e Jandarma Komutanl\u0131\u011f\u0131 ve \u0130stihbarat \u015eube M\u00fcd\u00fcrl\u00fc\u011f\u00fc ekiplerince Ser\u00e7ek\u00f6y Mahallesi\u2019nde yap\u0131lan operasyon sonucunda, &#8220;silahla tehdit ve trafik g\u00fcvenli\u011fini tehlikeye sokma&#8221; su\u00e7undan 10 y\u0131l 3 ay hapis cezas\u0131 bulunan 1 \u015fah\u0131s yakaland\u0131. \u015eah\u0131s gerekli adli i\u015flemlerine m\u00fcteakip, Ayd\u0131n A\u00e7\u0131k Ceza \u0130nfaz Kurumuna teslim edildi.<br \/><\/p>\n","protected":false},"excerpt":{"rendered":"<p>Ayd\u0131n\u2019\u0131n Efeler il\u00e7esinde 10 y\u0131l hapis cezas\u0131 ile aranan ki\u015fi jandarma ekipleri taraf\u0131ndan yakaland\u0131. Ayd\u0131n \u0130l Jandarma Komutanl\u0131\u011f\u0131 Jandarma Su\u00e7 Ara\u015ft\u0131rma Timi, Asayi\u015f \u015eube M\u00fcd\u00fcrl\u00fc\u011f\u00fc, Efeler \u0130l\u00e7e Jandarma Komutanl\u0131\u011f\u0131 ve \u0130stihbarat \u015eube M\u00fcd\u00fcrl\u00fc\u011f\u00fc ekiplerince Ser\u00e7ek\u00f6y Mahallesi\u2019nde yap\u0131lan operasyon sonucunda, &#8220;silahla tehdit ve trafik g\u00fcvenli\u011fini tehlikeye sokma&#8221; su\u00e7undan 10 y\u0131l 3 ay hapis cezas\u0131 bulunan 1&#8230;<\/p>\n","protected":false},"author":1,"featured_media":61215,"comment_status":"open","ping_status":"open","sticky":false,"template":"","format":"standard","meta":{"_crdt_document":"","footnotes":""},"categories":[5],"tags":[],"class_list":["post-61214","post","type-post","status-publish","format-standard","has-post-thumbnail","hentry","category-asayis"],"_links":{"self":[{"href":"https:\/\/www.egemtv.com\/index.php?rest_route=\/wp\/v2\/posts\/61214","targetHints":{"allow":["GET"]}}],"collection":[{"href":"https:\/\/www.egemtv.com\/index.php?rest_route=\/wp\/v2\/posts"}],"about":[{"href":"https:\/\/www.egemtv.com\/index.php?rest_route=\/wp\/v2\/types\/post"}],"author":[{"embeddable":true,"href":"https:\/\/www.egemtv.com\/index.php?rest_route=\/wp\/v2\/users\/1"}],"replies":[{"embeddable":true,"href":"https:\/\/www.egemtv.com\/index.php?rest_route=%2Fwp%2Fv2%2Fcomments&post=61214"}],"version-history":[{"count":1,"href":"https:\/\/www.egemtv.com\/index.php?rest_route=\/wp\/v2\/posts\/61214\/revisions"}],"predecessor-version":[{"id":61216,"href":"https:\/\/www.egemtv.com\/index.php?rest_route=\/wp\/v2\/posts\/61214\/revisions\/61216"}],"wp:featuredmedia":[{"embeddable":true,"href":"https:\/\/www.egemtv.com\/index.php?rest_route=\/wp\/v2\/media\/61215"}],"wp:attachment":[{"href":"https:\/\/www.egemtv.com\/index.php?rest_route=%2Fwp%2Fv2%2Fmedia&parent=61214"}],"wp:term":[{"taxonomy":"category","embeddable":true,"href":"https:\/\/www.egemtv.com\/index.php?rest_route=%2Fwp%2Fv2%2Fcategories&post=61214"},{"taxonomy":"post_tag","embeddable":true,"href":"https:\/\/www.egemtv.com\/index.php?rest_route=%2Fwp%2Fv2%2Ftags&post=61214"}],"curies":[{"name":"wp","href":"https:\/\/api.w.org\/{rel}","templated":true}]}}