{"id":61211,"date":"2025-10-14T10:15:11","date_gmt":"2025-10-14T07:15:11","guid":{"rendered":"https:\/\/www.egemtv.com\/?p=61211"},"modified":"2025-10-14T10:15:13","modified_gmt":"2025-10-14T07:15:13","slug":"soforlere-is-guvenligi-egitimi-verildi","status":"publish","type":"post","link":"https:\/\/www.egemtv.com\/?p=61211","title":{"rendered":"\u015eof\u00f6rlere i\u015f g\u00fcvenli\u011fi e\u011fitimi verildi"},"content":{"rendered":"<p>K\u00fctahya\u2019da ta\u015f\u0131mac\u0131l\u0131k sekt\u00f6r\u00fcnde faaliyet g\u00f6steren \u015fof\u00f6rlere y\u00f6nelik d\u00fczenlenen i\u015f g\u00fcvenli\u011fi e\u011fitimi ba\u015far\u0131yla tamamland\u0131.<br \/>\n<br \/>K\u00fctahya 1. OSB, \u015fehir i\u00e7i okul servisleri ve turizm sekt\u00f6r\u00fcn\u00fcn \u00f6nc\u00fc firmalar\u0131n\u0131n kat\u0131l\u0131m g\u00f6sterdi\u011fi e\u011fitim program\u0131, bir d\u00fc\u011f\u00fcn salonunda ger\u00e7ekle\u015ftirildi. E\u011fitimde, \u015fof\u00f6rl\u00fck mesle\u011finin \u00f6nemi ve i\u015f g\u00fcvenli\u011fi konular\u0131nda ayr\u0131nt\u0131l\u0131 bilgiler aktar\u0131ld\u0131. Alan\u0131nda uzman isimler olan Turgay Efe ve A S\u0131n\u0131f\u0131 \u0130\u015f G\u00fcvenli\u011fi Uzman\u0131 Hasan Tuna, kat\u0131l\u0131mc\u0131lara de\u011ferli bilgiler sundu. Konu\u015fmac\u0131lar, mesleki risklerin azalt\u0131lmas\u0131 ve g\u00fcvenli bir \u00e7al\u0131\u015fma ortam\u0131n\u0131n olu\u015fturulmas\u0131 i\u00e7in uyulmas\u0131 gereken temel kurallar\u0131 detayl\u0131ca anlatt\u0131.<\/p>\n<p>\u015eof\u00f6rlerin trafik g\u00fcvenli\u011fi a\u00e7\u0131s\u0131ndan kritik rol\u00fcne dikkat \u00e7ekildi<br \/>\n<br \/>E\u011fitimde \u00f6zellikle, trafikteki \u00f6ncelikler, dikkat edilmesi gereken yasal d\u00fczenlemeler ve g\u00fcvenli s\u00fcr\u00fc\u015f teknikleri \u00fczerinde duruldu. \u015eof\u00f6rlerin, hem kendi hem de ta\u015f\u0131d\u0131klar\u0131 yolcular\u0131n hem de di\u011fer trafik payda\u015flar\u0131n\u0131n g\u00fcvenli\u011fi a\u00e7\u0131s\u0131ndan kritik rol\u00fc bir kez daha vurguland\u0131. Kat\u0131l\u0131mc\u0131lar, verilen e\u011fitim sayesinde i\u015f g\u00fcvenli\u011fi bilincini art\u0131rd\u0131klar\u0131n\u0131 ve mesleklerini daha g\u00fcvenli bir \u015fekilde icra etme konusunda donan\u0131m kazand\u0131klar\u0131n\u0131 ifade etti.<br \/>\n<br \/>Bahse konu e\u011fitimin K\u00fctahya\u2019daki ta\u015f\u0131mac\u0131l\u0131k sekt\u00f6r\u00fcnde i\u015f g\u00fcvenli\u011fi standartlar\u0131n\u0131n y\u00fckseltilmesi ad\u0131na at\u0131lm\u0131\u015f \u00f6nemli bir ad\u0131m olarak de\u011ferlendirildi\u011fi belirtildi.<br \/><\/p>\n","protected":false},"excerpt":{"rendered":"<p>K\u00fctahya\u2019da ta\u015f\u0131mac\u0131l\u0131k sekt\u00f6r\u00fcnde faaliyet g\u00f6steren \u015fof\u00f6rlere y\u00f6nelik d\u00fczenlenen i\u015f g\u00fcvenli\u011fi e\u011fitimi ba\u015far\u0131yla tamamland\u0131. K\u00fctahya 1. OSB, \u015fehir i\u00e7i okul servisleri ve turizm sekt\u00f6r\u00fcn\u00fcn \u00f6nc\u00fc firmalar\u0131n\u0131n kat\u0131l\u0131m g\u00f6sterdi\u011fi e\u011fitim program\u0131, bir d\u00fc\u011f\u00fcn salonunda ger\u00e7ekle\u015ftirildi. E\u011fitimde, \u015fof\u00f6rl\u00fck mesle\u011finin \u00f6nemi ve i\u015f g\u00fcvenli\u011fi konular\u0131nda ayr\u0131nt\u0131l\u0131 bilgiler aktar\u0131ld\u0131. Alan\u0131nda uzman isimler olan Turgay Efe ve A S\u0131n\u0131f\u0131 \u0130\u015f G\u00fcvenli\u011fi&#8230;<\/p>\n","protected":false},"author":1,"featured_media":61212,"comment_status":"open","ping_status":"open","sticky":false,"template":"","format":"standard","meta":{"_crdt_document":"","footnotes":""},"categories":[1],"tags":[],"class_list":["post-61211","post","type-post","status-publish","format-standard","has-post-thumbnail","hentry","category-guncel"],"_links":{"self":[{"href":"https:\/\/www.egemtv.com\/index.php?rest_route=\/wp\/v2\/posts\/61211","targetHints":{"allow":["GET"]}}],"collection":[{"href":"https:\/\/www.egemtv.com\/index.php?rest_route=\/wp\/v2\/posts"}],"about":[{"href":"https:\/\/www.egemtv.com\/index.php?rest_route=\/wp\/v2\/types\/post"}],"author":[{"embeddable":true,"href":"https:\/\/www.egemtv.com\/index.php?rest_route=\/wp\/v2\/users\/1"}],"replies":[{"embeddable":true,"href":"https:\/\/www.egemtv.com\/index.php?rest_route=%2Fwp%2Fv2%2Fcomments&post=61211"}],"version-history":[{"count":1,"href":"https:\/\/www.egemtv.com\/index.php?rest_route=\/wp\/v2\/posts\/61211\/revisions"}],"predecessor-version":[{"id":61213,"href":"https:\/\/www.egemtv.com\/index.php?rest_route=\/wp\/v2\/posts\/61211\/revisions\/61213"}],"wp:featuredmedia":[{"embeddable":true,"href":"https:\/\/www.egemtv.com\/index.php?rest_route=\/wp\/v2\/media\/61212"}],"wp:attachment":[{"href":"https:\/\/www.egemtv.com\/index.php?rest_route=%2Fwp%2Fv2%2Fmedia&parent=61211"}],"wp:term":[{"taxonomy":"category","embeddable":true,"href":"https:\/\/www.egemtv.com\/index.php?rest_route=%2Fwp%2Fv2%2Fcategories&post=61211"},{"taxonomy":"post_tag","embeddable":true,"href":"https:\/\/www.egemtv.com\/index.php?rest_route=%2Fwp%2Fv2%2Ftags&post=61211"}],"curies":[{"name":"wp","href":"https:\/\/api.w.org\/{rel}","templated":true}]}}