{"id":61208,"date":"2025-10-14T10:15:07","date_gmt":"2025-10-14T07:15:07","guid":{"rendered":"https:\/\/www.egemtv.com\/?p=61208"},"modified":"2025-10-14T10:15:09","modified_gmt":"2025-10-14T07:15:09","slug":"ilkokul-ogrencilerine-yonelik-etut-ve-dini-bilgiler-kursu","status":"publish","type":"post","link":"https:\/\/www.egemtv.com\/?p=61208","title":{"rendered":"\u0130lkokul \u00f6\u011frencilerine y\u00f6nelik et\u00fct ve dini bilgiler kursu"},"content":{"rendered":"<p>K\u00fctahya\u2019da bulunan Atat\u00fcrk \u0130lkokulu\u2019nda okuyan 160 \u00f6\u011frenciye et\u00fct ve d\u00fcz\u00fc bilgiler kursu verildi.<br \/>\n<br \/>Simav \u0130l\u00e7e M\u00fcft\u00fcl\u00fc\u011f\u00fc, Atat\u00fcrk \u0130lkokulu\u2019nda \u20187-10 Ya\u015f Et\u00fct ve Dini Bilgiler Kursu\u2019 ba\u015flatt\u0131. Bu \u00e7er\u00e7evede, din g\u00f6revlileri taraf\u0131ndan 160 \u00f6\u011frenciye e\u011fitim verildi. \u00d6\u011frencilerin \u00f6nce g\u00fcnl\u00fck \u00f6devlerini yapt\u0131\u011f\u0131n\u0131, sonras\u0131nda ise Dini Bilgiler ve Kur\u2019an-\u0131 Kerim derslerine devam etti\u011fi belirtildi.<br \/><\/p>\n","protected":false},"excerpt":{"rendered":"<p>K\u00fctahya\u2019da bulunan Atat\u00fcrk \u0130lkokulu\u2019nda okuyan 160 \u00f6\u011frenciye et\u00fct ve d\u00fcz\u00fc bilgiler kursu verildi. Simav \u0130l\u00e7e M\u00fcft\u00fcl\u00fc\u011f\u00fc, Atat\u00fcrk \u0130lkokulu\u2019nda \u20187-10 Ya\u015f Et\u00fct ve Dini Bilgiler Kursu\u2019 ba\u015flatt\u0131. Bu \u00e7er\u00e7evede, din g\u00f6revlileri taraf\u0131ndan 160 \u00f6\u011frenciye e\u011fitim verildi. \u00d6\u011frencilerin \u00f6nce g\u00fcnl\u00fck \u00f6devlerini yapt\u0131\u011f\u0131n\u0131, sonras\u0131nda ise Dini Bilgiler ve Kur\u2019an-\u0131 Kerim derslerine devam etti\u011fi belirtildi.<\/p>\n","protected":false},"author":1,"featured_media":61209,"comment_status":"open","ping_status":"open","sticky":false,"template":"","format":"standard","meta":{"_crdt_document":"","footnotes":""},"categories":[1],"tags":[],"class_list":["post-61208","post","type-post","status-publish","format-standard","has-post-thumbnail","hentry","category-guncel"],"_links":{"self":[{"href":"https:\/\/www.egemtv.com\/index.php?rest_route=\/wp\/v2\/posts\/61208","targetHints":{"allow":["GET"]}}],"collection":[{"href":"https:\/\/www.egemtv.com\/index.php?rest_route=\/wp\/v2\/posts"}],"about":[{"href":"https:\/\/www.egemtv.com\/index.php?rest_route=\/wp\/v2\/types\/post"}],"author":[{"embeddable":true,"href":"https:\/\/www.egemtv.com\/index.php?rest_route=\/wp\/v2\/users\/1"}],"replies":[{"embeddable":true,"href":"https:\/\/www.egemtv.com\/index.php?rest_route=%2Fwp%2Fv2%2Fcomments&post=61208"}],"version-history":[{"count":1,"href":"https:\/\/www.egemtv.com\/index.php?rest_route=\/wp\/v2\/posts\/61208\/revisions"}],"predecessor-version":[{"id":61210,"href":"https:\/\/www.egemtv.com\/index.php?rest_route=\/wp\/v2\/posts\/61208\/revisions\/61210"}],"wp:featuredmedia":[{"embeddable":true,"href":"https:\/\/www.egemtv.com\/index.php?rest_route=\/wp\/v2\/media\/61209"}],"wp:attachment":[{"href":"https:\/\/www.egemtv.com\/index.php?rest_route=%2Fwp%2Fv2%2Fmedia&parent=61208"}],"wp:term":[{"taxonomy":"category","embeddable":true,"href":"https:\/\/www.egemtv.com\/index.php?rest_route=%2Fwp%2Fv2%2Fcategories&post=61208"},{"taxonomy":"post_tag","embeddable":true,"href":"https:\/\/www.egemtv.com\/index.php?rest_route=%2Fwp%2Fv2%2Ftags&post=61208"}],"curies":[{"name":"wp","href":"https:\/\/api.w.org\/{rel}","templated":true}]}}