{"id":61205,"date":"2025-10-14T10:15:04","date_gmt":"2025-10-14T07:15:04","guid":{"rendered":"https:\/\/www.egemtv.com\/?p=61205"},"modified":"2025-10-14T10:15:06","modified_gmt":"2025-10-14T07:15:06","slug":"alasehirde-zeytinde-rekolte-dusuk-kalite-yuksek","status":"publish","type":"post","link":"https:\/\/www.egemtv.com\/?p=61205","title":{"rendered":"Ala\u015fehir\u2019de zeytinde rekolte d\u00fc\u015f\u00fck, kalite y\u00fcksek"},"content":{"rendered":"<p>Manisa\u2019n\u0131n Ala\u015fehir il\u00e7esinde 2025 y\u0131l\u0131 sofral\u0131k zeytin hasad\u0131 ve al\u0131mlar\u0131 ba\u015flad\u0131. Bu y\u0131l rekolte d\u00fc\u015f\u00fck olmas\u0131na ra\u011fmen zeytinin kalitesi ve fiyatlar\u0131n tatmin edici seviyede olmas\u0131 \u00fcreticilerin y\u00fcz\u00fcn\u00fc g\u00fcld\u00fcrd\u00fc.<br \/>\n<br \/>Son g\u00fcnlerde etkili olan ya\u011f\u0131\u015flar\u0131n zeytin kalitesine olumlu yans\u0131d\u0131\u011f\u0131 belirtilirken \u00fcreticiler hasat \u00f6ncesinde bah\u00e7elerinde bak\u0131m \u00e7al\u0131\u015fmalar\u0131na h\u0131z verdi. Zeytin \u00fcreticileri, &#8220;Rekolte d\u00fc\u015f\u00fck ancak kalite y\u00fcksek, fiyatlar da beklentilerimizi kar\u015f\u0131l\u0131yor&#8221; dedi. Ala\u015fehir\u2019de &#8220;duble&#8221; olarak adland\u0131r\u0131lan iri kalibreli zeytin 125 TL\u2019den al\u0131c\u0131 buluyor. Al\u0131m merkezlerinde 6 oluklu makinelerle boyutlar\u0131na g\u00f6re s\u0131n\u0131fland\u0131r\u0131lan zeytinlerin fiyatlar\u0131 numaras\u0131na g\u00f6re de\u011fi\u015fiyor. 1 numara duble zeytin 125 TL, 2 numara 105 TL, 3 numara 85 TL, 4 numara 65 TL, 5 numara 50 TL ve 6 numara 20 TL\u2019den sat\u0131l\u0131yor.<br \/>\n<br \/>Zeytin t\u00fcccar\u0131 Murat Y\u0131lmaz, &#8220;Bu y\u0131l rekolte d\u00fc\u015f\u00fck ama ya\u011f\u0131\u015flar kaliteyi art\u0131rd\u0131. Duble zeytini 125 TL\u2019den al\u0131yoruz. Hem kalite hem fiyat a\u00e7\u0131s\u0131ndan iyi bir sezon bekliyoruz&#8221; diye konu\u015ftu.<br \/>\n<br \/>D\u00fcnyaca \u00fcnl\u00fc Sultaniye \u00fcz\u00fcm\u00fcyle tan\u0131nan Ala\u015fehir\u2019de son y\u0131llarda alternatif \u00fcr\u00fcn olarak zeytin \u00fcretimi de art\u0131\u015f g\u00f6steriyor. \u0130l\u00e7ede yakla\u015f\u0131k 80 bin dekar alanda zeytin yeti\u015ftiricili\u011fi yap\u0131l\u0131yor.<br \/><\/p>\n","protected":false},"excerpt":{"rendered":"<p>Manisa\u2019n\u0131n Ala\u015fehir il\u00e7esinde 2025 y\u0131l\u0131 sofral\u0131k zeytin hasad\u0131 ve al\u0131mlar\u0131 ba\u015flad\u0131. Bu y\u0131l rekolte d\u00fc\u015f\u00fck olmas\u0131na ra\u011fmen zeytinin kalitesi ve fiyatlar\u0131n tatmin edici seviyede olmas\u0131 \u00fcreticilerin y\u00fcz\u00fcn\u00fc g\u00fcld\u00fcrd\u00fc. Son g\u00fcnlerde etkili olan ya\u011f\u0131\u015flar\u0131n zeytin kalitesine olumlu yans\u0131d\u0131\u011f\u0131 belirtilirken \u00fcreticiler hasat \u00f6ncesinde bah\u00e7elerinde bak\u0131m \u00e7al\u0131\u015fmalar\u0131na h\u0131z verdi. Zeytin \u00fcreticileri, &#8220;Rekolte d\u00fc\u015f\u00fck ancak kalite y\u00fcksek, fiyatlar da&#8230;<\/p>\n","protected":false},"author":1,"featured_media":61206,"comment_status":"open","ping_status":"open","sticky":false,"template":"","format":"standard","meta":{"_crdt_document":"","footnotes":""},"categories":[125],"tags":[],"class_list":["post-61205","post","type-post","status-publish","format-standard","has-post-thumbnail","hentry","category-ekonomi"],"_links":{"self":[{"href":"https:\/\/www.egemtv.com\/index.php?rest_route=\/wp\/v2\/posts\/61205","targetHints":{"allow":["GET"]}}],"collection":[{"href":"https:\/\/www.egemtv.com\/index.php?rest_route=\/wp\/v2\/posts"}],"about":[{"href":"https:\/\/www.egemtv.com\/index.php?rest_route=\/wp\/v2\/types\/post"}],"author":[{"embeddable":true,"href":"https:\/\/www.egemtv.com\/index.php?rest_route=\/wp\/v2\/users\/1"}],"replies":[{"embeddable":true,"href":"https:\/\/www.egemtv.com\/index.php?rest_route=%2Fwp%2Fv2%2Fcomments&post=61205"}],"version-history":[{"count":1,"href":"https:\/\/www.egemtv.com\/index.php?rest_route=\/wp\/v2\/posts\/61205\/revisions"}],"predecessor-version":[{"id":61207,"href":"https:\/\/www.egemtv.com\/index.php?rest_route=\/wp\/v2\/posts\/61205\/revisions\/61207"}],"wp:featuredmedia":[{"embeddable":true,"href":"https:\/\/www.egemtv.com\/index.php?rest_route=\/wp\/v2\/media\/61206"}],"wp:attachment":[{"href":"https:\/\/www.egemtv.com\/index.php?rest_route=%2Fwp%2Fv2%2Fmedia&parent=61205"}],"wp:term":[{"taxonomy":"category","embeddable":true,"href":"https:\/\/www.egemtv.com\/index.php?rest_route=%2Fwp%2Fv2%2Fcategories&post=61205"},{"taxonomy":"post_tag","embeddable":true,"href":"https:\/\/www.egemtv.com\/index.php?rest_route=%2Fwp%2Fv2%2Ftags&post=61205"}],"curies":[{"name":"wp","href":"https:\/\/api.w.org\/{rel}","templated":true}]}}