{"id":61202,"date":"2025-10-14T10:15:00","date_gmt":"2025-10-14T07:15:00","guid":{"rendered":"https:\/\/www.egemtv.com\/?p=61202"},"modified":"2025-10-14T10:15:03","modified_gmt":"2025-10-14T07:15:03","slug":"kutahyada-erasmus-projesi-katilimcilarina-belgeleri-takdim-edildi","status":"publish","type":"post","link":"https:\/\/www.egemtv.com\/?p=61202","title":{"rendered":"K\u00fctahya\u2019da Erasmus projesi kat\u0131l\u0131mc\u0131lar\u0131na belgeleri takdim edildi"},"content":{"rendered":"<p>T\u00fcrkiye Ulusal Ajans\u0131 taraf\u0131ndan finanse edilen &#8220;Gelenekten Gelece\u011fe Tematik Tasar\u0131mlar: D\u00fc\u011f\u00fcn\u00fcm\u00fcz Var&#8221; adl\u0131 Erasmus&#8221; projesi kapsam\u0131nda, \u0130spanya\u2019da ger\u00e7ekle\u015ftirilen e\u011fitim faaliyetlerine kat\u0131lan \u00f6\u011fretmen ve personellere kat\u0131l\u0131m belgeleri K\u00fctahya \u0130l Mill\u00ee E\u011fitim M\u00fcd\u00fcrl\u00fc\u011f\u00fc\u2019nde takdim edildi.<br \/>\n<br \/>\u0130l Mill\u00ee E\u011fitim M\u00fcd\u00fcr Yard\u0131mc\u0131s\u0131 Mustafa Topuz, proje s\u00fcreciyle ilgili yap\u0131lan \u00e7al\u0131\u015fmalar ve elde edilen kazan\u0131mlar hakk\u0131nda bilgi ald\u0131. Kat\u0131l\u0131mc\u0131lar, projenin k\u00fclt\u00fcrel miras\u0131n korunmas\u0131 ve geleneksel temalar\u0131n \u00e7a\u011fda\u015f tasar\u0131m anlay\u0131\u015f\u0131yla bulu\u015fturulmas\u0131na \u00f6nemli katk\u0131lar sundu\u011funu ifade ettiler.<br \/>\n<br \/>K\u00fctahya Olgunla\u015fma Enstit\u00fcs\u00fc koordinat\u00f6rl\u00fc\u011f\u00fcnde y\u00fcr\u00fct\u00fclen proje, yerel de\u011ferlerin Avrupa d\u00fczeyinde tan\u0131t\u0131lmas\u0131n\u0131 ve k\u00fclt\u00fcrel miras\u0131n gelece\u011fe aktar\u0131lmas\u0131n\u0131 hedefliyor.<br \/><\/p>\n","protected":false},"excerpt":{"rendered":"<p>T\u00fcrkiye Ulusal Ajans\u0131 taraf\u0131ndan finanse edilen &#8220;Gelenekten Gelece\u011fe Tematik Tasar\u0131mlar: D\u00fc\u011f\u00fcn\u00fcm\u00fcz Var&#8221; adl\u0131 Erasmus&#8221; projesi kapsam\u0131nda, \u0130spanya\u2019da ger\u00e7ekle\u015ftirilen e\u011fitim faaliyetlerine kat\u0131lan \u00f6\u011fretmen ve personellere kat\u0131l\u0131m belgeleri K\u00fctahya \u0130l Mill\u00ee E\u011fitim M\u00fcd\u00fcrl\u00fc\u011f\u00fc\u2019nde takdim edildi. \u0130l Mill\u00ee E\u011fitim M\u00fcd\u00fcr Yard\u0131mc\u0131s\u0131 Mustafa Topuz, proje s\u00fcreciyle ilgili yap\u0131lan \u00e7al\u0131\u015fmalar ve elde edilen kazan\u0131mlar hakk\u0131nda bilgi ald\u0131. Kat\u0131l\u0131mc\u0131lar, projenin k\u00fclt\u00fcrel&#8230;<\/p>\n","protected":false},"author":1,"featured_media":61203,"comment_status":"open","ping_status":"open","sticky":false,"template":"","format":"standard","meta":{"_crdt_document":"","footnotes":""},"categories":[1],"tags":[],"class_list":["post-61202","post","type-post","status-publish","format-standard","has-post-thumbnail","hentry","category-guncel"],"_links":{"self":[{"href":"https:\/\/www.egemtv.com\/index.php?rest_route=\/wp\/v2\/posts\/61202","targetHints":{"allow":["GET"]}}],"collection":[{"href":"https:\/\/www.egemtv.com\/index.php?rest_route=\/wp\/v2\/posts"}],"about":[{"href":"https:\/\/www.egemtv.com\/index.php?rest_route=\/wp\/v2\/types\/post"}],"author":[{"embeddable":true,"href":"https:\/\/www.egemtv.com\/index.php?rest_route=\/wp\/v2\/users\/1"}],"replies":[{"embeddable":true,"href":"https:\/\/www.egemtv.com\/index.php?rest_route=%2Fwp%2Fv2%2Fcomments&post=61202"}],"version-history":[{"count":1,"href":"https:\/\/www.egemtv.com\/index.php?rest_route=\/wp\/v2\/posts\/61202\/revisions"}],"predecessor-version":[{"id":61204,"href":"https:\/\/www.egemtv.com\/index.php?rest_route=\/wp\/v2\/posts\/61202\/revisions\/61204"}],"wp:featuredmedia":[{"embeddable":true,"href":"https:\/\/www.egemtv.com\/index.php?rest_route=\/wp\/v2\/media\/61203"}],"wp:attachment":[{"href":"https:\/\/www.egemtv.com\/index.php?rest_route=%2Fwp%2Fv2%2Fmedia&parent=61202"}],"wp:term":[{"taxonomy":"category","embeddable":true,"href":"https:\/\/www.egemtv.com\/index.php?rest_route=%2Fwp%2Fv2%2Fcategories&post=61202"},{"taxonomy":"post_tag","embeddable":true,"href":"https:\/\/www.egemtv.com\/index.php?rest_route=%2Fwp%2Fv2%2Ftags&post=61202"}],"curies":[{"name":"wp","href":"https:\/\/api.w.org\/{rel}","templated":true}]}}