{"id":61199,"date":"2025-10-14T10:14:56","date_gmt":"2025-10-14T07:14:56","guid":{"rendered":"https:\/\/www.egemtv.com\/?p=61199"},"modified":"2025-10-14T10:14:58","modified_gmt":"2025-10-14T07:14:58","slug":"kutahyada-tum-okullarda-es-zamanli-deprem-tatbikati","status":"publish","type":"post","link":"https:\/\/www.egemtv.com\/?p=61199","title":{"rendered":"K\u00fctahya\u2019da t\u00fcm okullarda e\u015f zamanl\u0131 deprem tatbikat\u0131"},"content":{"rendered":"<p>Milli E\u011fitim Bakanl\u0131\u011f\u0131 ile Afet ve Acil Durum Y\u00f6netimi Ba\u015fkanl\u0131\u011f\u0131 (AFAD) i\u015f birli\u011finde \u00fclke genelinde e\u015f zamanl\u0131 olarak deprem tatbikat\u0131 ger\u00e7ekle\u015ftirildi.<br \/>\n<br \/>K\u00fctahya genelindeki t\u00fcm okullarda uygulanan tatbikat senaryosu kapsam\u0131nda sirenler \u00e7ald\u0131. \u00d6\u011frenciler, s\u0131n\u0131flar\u0131nda &#8220;\u00c7\u00f6k-Kapan-Tutun&#8221; hareketini yaparak kendilerini korumaya ald\u0131. Ard\u0131ndan \u00f6\u011fretmenlerinin rehberli\u011finde planl\u0131 ve g\u00fcvenli \u015fekilde okul binalar\u0131n\u0131 tahliye ettiler.<br \/>\n<br \/>Tatbikat s\u00fcrecinde okullarda g\u00f6rev yapan MEB AKUB ekipleri de aktif g\u00f6rev ald\u0131. Ekipler, uygulaman\u0131n g\u00fcvenli \u015fekilde y\u00fcr\u00fct\u00fclmesine destek olurken, \u00f6\u011frencilere tahliye d\u00fczeni ve afet bilinci konular\u0131nda rehberlik etti.<br \/>\n<br \/>Toplanma alanlar\u0131nda yap\u0131lan bilgilendirmelerde, tatbikat\u0131n amac\u0131 ve afet an\u0131nda do\u011fru davran\u0131\u015f bi\u00e7imlerinin \u00f6nemi vurguland\u0131. \u00d6\u011frencilere, okulda \u00f6\u011frendikleri afet bilinci uygulamalar\u0131n\u0131 aileleriyle birlikte evlerinde de tekrarlamalar\u0131 hat\u0131rlat\u0131ld\u0131.<br \/>\n<br \/>Ger\u00e7ekle\u015ftirilen etkinlik, \u00f6\u011frencilerde fark\u0131ndal\u0131k olu\u015fturmay\u0131 ve olabilecek afet durumlar\u0131nda bilin\u00e7li hareket etme al\u0131\u015fkanl\u0131\u011f\u0131 kazand\u0131rmay\u0131 hedefledi.<br \/><\/p>\n","protected":false},"excerpt":{"rendered":"<p>Milli E\u011fitim Bakanl\u0131\u011f\u0131 ile Afet ve Acil Durum Y\u00f6netimi Ba\u015fkanl\u0131\u011f\u0131 (AFAD) i\u015f birli\u011finde \u00fclke genelinde e\u015f zamanl\u0131 olarak deprem tatbikat\u0131 ger\u00e7ekle\u015ftirildi. K\u00fctahya genelindeki t\u00fcm okullarda uygulanan tatbikat senaryosu kapsam\u0131nda sirenler \u00e7ald\u0131. \u00d6\u011frenciler, s\u0131n\u0131flar\u0131nda &#8220;\u00c7\u00f6k-Kapan-Tutun&#8221; hareketini yaparak kendilerini korumaya ald\u0131. Ard\u0131ndan \u00f6\u011fretmenlerinin rehberli\u011finde planl\u0131 ve g\u00fcvenli \u015fekilde okul binalar\u0131n\u0131 tahliye ettiler. Tatbikat s\u00fcrecinde okullarda g\u00f6rev yapan&#8230;<\/p>\n","protected":false},"author":1,"featured_media":61200,"comment_status":"open","ping_status":"open","sticky":false,"template":"","format":"standard","meta":{"_crdt_document":"","footnotes":""},"categories":[1],"tags":[],"class_list":["post-61199","post","type-post","status-publish","format-standard","has-post-thumbnail","hentry","category-guncel"],"_links":{"self":[{"href":"https:\/\/www.egemtv.com\/index.php?rest_route=\/wp\/v2\/posts\/61199","targetHints":{"allow":["GET"]}}],"collection":[{"href":"https:\/\/www.egemtv.com\/index.php?rest_route=\/wp\/v2\/posts"}],"about":[{"href":"https:\/\/www.egemtv.com\/index.php?rest_route=\/wp\/v2\/types\/post"}],"author":[{"embeddable":true,"href":"https:\/\/www.egemtv.com\/index.php?rest_route=\/wp\/v2\/users\/1"}],"replies":[{"embeddable":true,"href":"https:\/\/www.egemtv.com\/index.php?rest_route=%2Fwp%2Fv2%2Fcomments&post=61199"}],"version-history":[{"count":1,"href":"https:\/\/www.egemtv.com\/index.php?rest_route=\/wp\/v2\/posts\/61199\/revisions"}],"predecessor-version":[{"id":61201,"href":"https:\/\/www.egemtv.com\/index.php?rest_route=\/wp\/v2\/posts\/61199\/revisions\/61201"}],"wp:featuredmedia":[{"embeddable":true,"href":"https:\/\/www.egemtv.com\/index.php?rest_route=\/wp\/v2\/media\/61200"}],"wp:attachment":[{"href":"https:\/\/www.egemtv.com\/index.php?rest_route=%2Fwp%2Fv2%2Fmedia&parent=61199"}],"wp:term":[{"taxonomy":"category","embeddable":true,"href":"https:\/\/www.egemtv.com\/index.php?rest_route=%2Fwp%2Fv2%2Fcategories&post=61199"},{"taxonomy":"post_tag","embeddable":true,"href":"https:\/\/www.egemtv.com\/index.php?rest_route=%2Fwp%2Fv2%2Ftags&post=61199"}],"curies":[{"name":"wp","href":"https:\/\/api.w.org\/{rel}","templated":true}]}}