{"id":61196,"date":"2025-10-14T10:14:54","date_gmt":"2025-10-14T07:14:54","guid":{"rendered":"https:\/\/www.egemtv.com\/?p=61196"},"modified":"2025-10-14T10:14:55","modified_gmt":"2025-10-14T07:14:55","slug":"kazada-yaralanan-infaz-koruma-memuru-hayatini-kaybetti","status":"publish","type":"post","link":"https:\/\/www.egemtv.com\/?p=61196","title":{"rendered":"Kazada yaralanan infaz koruma memuru hayat\u0131n\u0131 kaybetti"},"content":{"rendered":"<p>Ayd\u0131n\u2019\u0131n Nazilli il\u00e7esinde ge\u00e7ti\u011fimiz g\u00fcnlerde motosikleti ile yapt\u0131\u011f\u0131 kazada a\u011f\u0131r yaral\u0131 olarak hastaneye kald\u0131r\u0131lan infaz koruma memuru hayat\u0131n\u0131 kaybetti.<\/p>\n<p>Kaza, 9 Ekim Per\u015fembe g\u00fcn\u00fc Ye\u015fil Mahalle Alparslan T\u00fcrke\u015f Bulvar\u0131 \u00fczerinde gece saatlerinde meydana geldi. Edinilen bilgiye g\u00f6re, motosikletinin hakimiyetini kaybeden infaz koruma memuru Yal\u00e7\u0131n Temel d\u00fc\u015ferek a\u011f\u0131r yaraland\u0131. Kazay\u0131 g\u00f6ren vatanda\u015flar durumu 112 Acil \u00c7a\u011fr\u0131 Merkezi\u2019ne bildirdi. \u0130hbar \u00fczerine b\u00f6lgeye sa\u011fl\u0131k ve polis ekipleri sevk edildi. K\u0131sa s\u00fcrede olay yerine gelen sa\u011fl\u0131k ekipleri Temel\u2019e ilk m\u00fcdahaleyi yaparak ambulansla hastaneye kald\u0131rd\u0131. Hastanede tedavi alt\u0131na al\u0131nan Temel, Ayd\u0131n Adnan Menderes \u00dcniversitesi Hastanesi\u2019ne sevk edildi. Doktorlar\u0131n t\u00fcm \u00e7abalar\u0131na ra\u011fmen yakla\u015f\u0131k bir hafta s\u00fcren ya\u015fam m\u00fccadelesini kaybeden Temel\u2019in \u00f6l\u00fcm haberi ailesi ve t\u00fcm sevenlerini yasa bo\u011fdu.<br \/><\/p>\n","protected":false},"excerpt":{"rendered":"<p>Ayd\u0131n\u2019\u0131n Nazilli il\u00e7esinde ge\u00e7ti\u011fimiz g\u00fcnlerde motosikleti ile yapt\u0131\u011f\u0131 kazada a\u011f\u0131r yaral\u0131 olarak hastaneye kald\u0131r\u0131lan infaz koruma memuru hayat\u0131n\u0131 kaybetti. Kaza, 9 Ekim Per\u015fembe g\u00fcn\u00fc Ye\u015fil Mahalle Alparslan T\u00fcrke\u015f Bulvar\u0131 \u00fczerinde gece saatlerinde meydana geldi. Edinilen bilgiye g\u00f6re, motosikletinin hakimiyetini kaybeden infaz koruma memuru Yal\u00e7\u0131n Temel d\u00fc\u015ferek a\u011f\u0131r yaraland\u0131. Kazay\u0131 g\u00f6ren vatanda\u015flar durumu 112 Acil \u00c7a\u011fr\u0131&#8230;<\/p>\n","protected":false},"author":1,"featured_media":61197,"comment_status":"open","ping_status":"open","sticky":false,"template":"","format":"standard","meta":{"_crdt_document":"","footnotes":""},"categories":[5],"tags":[],"class_list":["post-61196","post","type-post","status-publish","format-standard","has-post-thumbnail","hentry","category-asayis"],"_links":{"self":[{"href":"https:\/\/www.egemtv.com\/index.php?rest_route=\/wp\/v2\/posts\/61196","targetHints":{"allow":["GET"]}}],"collection":[{"href":"https:\/\/www.egemtv.com\/index.php?rest_route=\/wp\/v2\/posts"}],"about":[{"href":"https:\/\/www.egemtv.com\/index.php?rest_route=\/wp\/v2\/types\/post"}],"author":[{"embeddable":true,"href":"https:\/\/www.egemtv.com\/index.php?rest_route=\/wp\/v2\/users\/1"}],"replies":[{"embeddable":true,"href":"https:\/\/www.egemtv.com\/index.php?rest_route=%2Fwp%2Fv2%2Fcomments&post=61196"}],"version-history":[{"count":1,"href":"https:\/\/www.egemtv.com\/index.php?rest_route=\/wp\/v2\/posts\/61196\/revisions"}],"predecessor-version":[{"id":61198,"href":"https:\/\/www.egemtv.com\/index.php?rest_route=\/wp\/v2\/posts\/61196\/revisions\/61198"}],"wp:featuredmedia":[{"embeddable":true,"href":"https:\/\/www.egemtv.com\/index.php?rest_route=\/wp\/v2\/media\/61197"}],"wp:attachment":[{"href":"https:\/\/www.egemtv.com\/index.php?rest_route=%2Fwp%2Fv2%2Fmedia&parent=61196"}],"wp:term":[{"taxonomy":"category","embeddable":true,"href":"https:\/\/www.egemtv.com\/index.php?rest_route=%2Fwp%2Fv2%2Fcategories&post=61196"},{"taxonomy":"post_tag","embeddable":true,"href":"https:\/\/www.egemtv.com\/index.php?rest_route=%2Fwp%2Fv2%2Ftags&post=61196"}],"curies":[{"name":"wp","href":"https:\/\/api.w.org\/{rel}","templated":true}]}}