{"id":61193,"date":"2025-10-14T09:56:02","date_gmt":"2025-10-14T06:56:02","guid":{"rendered":"https:\/\/www.egemtv.com\/?p=61193"},"modified":"2025-10-14T09:56:09","modified_gmt":"2025-10-14T06:56:09","slug":"baskan-cercioglu-aydini-birlikte-buyutuyor-birlikte-guzellestiriyoruz","status":"publish","type":"post","link":"https:\/\/www.egemtv.com\/?p=61193","title":{"rendered":"Ba\u015fkan \u00c7er\u00e7io\u011flu: &#8220;Ayd\u0131n\u2019\u0131 birlikte b\u00fcy\u00fct\u00fcyor, birlikte g\u00fczelle\u015ftiriyoruz&#8221;"},"content":{"rendered":"<p>Ayd\u0131n\u2019\u0131n Efeler il\u00e7esinde K\u0131z\u0131lcak\u00f6yl\u00fc vatanda\u015flar ile bir araya gelen ve taleplerini dinleyen B\u00fcy\u00fck\u015fehir Belediye Ba\u015fkan\u0131 \u00d6zlem \u00c7er\u00e7io\u011flu; &#8220;Ayd\u0131n\u2019\u0131 birlikte b\u00fcy\u00fct\u00fcyor, birlikte g\u00fczelle\u015ftiriyoruz&#8221; dedi.<\/p>\n<p>Ayd\u0131n B\u00fcy\u00fck\u015fehir Belediye Ba\u015fkan\u0131 \u00d6zlem \u00c7er\u00e7io\u011flu, K\u0131z\u0131lcak\u00f6y Mahallesi\u2019nde AK Parti Ayd\u0131n Milletvekili Seda Sar\u0131ba\u015f ve AK Parti \u0130l Kad\u0131n Kollar\u0131 Ba\u015fkan\u0131 \u015eahika Edremit ile birlikte vatanda\u015flarla bir araya geldi. Vatanda\u015flar\u0131n talep ve s\u0131k\u0131nt\u0131lar\u0131n\u0131 dinleyen Ba\u015fkan \u00c7er\u00e7io\u011flu, \u2019hizmet\u2019 vurgusu yaparak Ayd\u0131n\u2019\u0131 hep birlikte b\u00fcy\u00fct\u00fcp g\u00fczelle\u015ftirdiklerini s\u00f6yledi.<\/p>\n<p>Yo\u011fun kat\u0131l\u0131m\u0131n oldu\u011fu mahalle ziyareti ile ilgili a\u00e7\u0131klamalarda bulunan Ba\u015fkan \u00c7er\u00e7io\u011flu, &#8220;Ayd\u0131n\u2019\u0131n her bir kar\u0131\u015f topra\u011f\u0131nda eme\u011fimiz, al\u0131n terimiz, sevgimiz var. Tarlada izi olan\u0131n harmanda y\u00fcz\u00fc olur derler ya, biz de bug\u00fcn o inan\u00e7la mahalle mahalle, sokak sokak geziyor, gece g\u00fcnd\u00fcz demeden vatanda\u015flar\u0131m\u0131z\u0131 dinliyoruz. Efeler\u2019e ba\u011fl\u0131 K\u0131z\u0131lcak\u00f6y\u2019de ne isteniyorsa, biz onu yapaca\u011f\u0131z. Hal\u0131 saha, d\u00fc\u011f\u00fcn salonu, spor alan\u0131. \u0130stek belli, biz haz\u0131r\u0131z. \u00c7\u00fcnk\u00fc biz Ayd\u0131n\u2019\u0131 birlikte b\u00fcy\u00fct\u00fcyor, birlikte g\u00fczelle\u015ftiriyoruz. Her bir kar\u0131\u015f topra\u011f\u0131na sevgimizi, eme\u011fimizi, umudumuzu ekiyoruz&#8221; dedi.<br \/><\/p>\n","protected":false},"excerpt":{"rendered":"<p>Ayd\u0131n\u2019\u0131n Efeler il\u00e7esinde K\u0131z\u0131lcak\u00f6yl\u00fc vatanda\u015flar ile bir araya gelen ve taleplerini dinleyen B\u00fcy\u00fck\u015fehir Belediye Ba\u015fkan\u0131 \u00d6zlem \u00c7er\u00e7io\u011flu; &#8220;Ayd\u0131n\u2019\u0131 birlikte b\u00fcy\u00fct\u00fcyor, birlikte g\u00fczelle\u015ftiriyoruz&#8221; dedi. Ayd\u0131n B\u00fcy\u00fck\u015fehir Belediye Ba\u015fkan\u0131 \u00d6zlem \u00c7er\u00e7io\u011flu, K\u0131z\u0131lcak\u00f6y Mahallesi\u2019nde AK Parti Ayd\u0131n Milletvekili Seda Sar\u0131ba\u015f ve AK Parti \u0130l Kad\u0131n Kollar\u0131 Ba\u015fkan\u0131 \u015eahika Edremit ile birlikte vatanda\u015flarla bir araya geldi. Vatanda\u015flar\u0131n talep ve&#8230;<\/p>\n","protected":false},"author":1,"featured_media":61194,"comment_status":"open","ping_status":"open","sticky":false,"template":"","format":"standard","meta":{"_crdt_document":"","footnotes":""},"categories":[1],"tags":[],"class_list":["post-61193","post","type-post","status-publish","format-standard","has-post-thumbnail","hentry","category-guncel"],"_links":{"self":[{"href":"https:\/\/www.egemtv.com\/index.php?rest_route=\/wp\/v2\/posts\/61193","targetHints":{"allow":["GET"]}}],"collection":[{"href":"https:\/\/www.egemtv.com\/index.php?rest_route=\/wp\/v2\/posts"}],"about":[{"href":"https:\/\/www.egemtv.com\/index.php?rest_route=\/wp\/v2\/types\/post"}],"author":[{"embeddable":true,"href":"https:\/\/www.egemtv.com\/index.php?rest_route=\/wp\/v2\/users\/1"}],"replies":[{"embeddable":true,"href":"https:\/\/www.egemtv.com\/index.php?rest_route=%2Fwp%2Fv2%2Fcomments&post=61193"}],"version-history":[{"count":1,"href":"https:\/\/www.egemtv.com\/index.php?rest_route=\/wp\/v2\/posts\/61193\/revisions"}],"predecessor-version":[{"id":61195,"href":"https:\/\/www.egemtv.com\/index.php?rest_route=\/wp\/v2\/posts\/61193\/revisions\/61195"}],"wp:featuredmedia":[{"embeddable":true,"href":"https:\/\/www.egemtv.com\/index.php?rest_route=\/wp\/v2\/media\/61194"}],"wp:attachment":[{"href":"https:\/\/www.egemtv.com\/index.php?rest_route=%2Fwp%2Fv2%2Fmedia&parent=61193"}],"wp:term":[{"taxonomy":"category","embeddable":true,"href":"https:\/\/www.egemtv.com\/index.php?rest_route=%2Fwp%2Fv2%2Fcategories&post=61193"},{"taxonomy":"post_tag","embeddable":true,"href":"https:\/\/www.egemtv.com\/index.php?rest_route=%2Fwp%2Fv2%2Ftags&post=61193"}],"curies":[{"name":"wp","href":"https:\/\/api.w.org\/{rel}","templated":true}]}}