{"id":61190,"date":"2025-10-14T09:55:54","date_gmt":"2025-10-14T06:55:54","guid":{"rendered":"https:\/\/www.egemtv.com\/?p=61190"},"modified":"2025-10-14T09:55:58","modified_gmt":"2025-10-14T06:55:58","slug":"denizlide-afetler-ve-dayaniklilik-ayi-etkinlikleri-kapsaminda-okullarda-es-zamanli-tatbikat-yapildi","status":"publish","type":"post","link":"https:\/\/www.egemtv.com\/?p=61190","title":{"rendered":"Denizli\u2019de afetler ve dayan\u0131kl\u0131l\u0131k ay\u0131 etkinlikleri kapsam\u0131nda okullarda e\u015f zamanl\u0131 tatbikat yap\u0131ld\u0131"},"content":{"rendered":"<p>Denizli\u2019de afetler ve dayan\u0131kl\u0131l\u0131k ay\u0131 etkinlikleri kapsam\u0131nda okullarda e\u015f zamanl\u0131 tatbikat yap\u0131ld\u0131. Yap\u0131lan etkinlikler sayesinde \u00f6\u011frenciler, ya\u015f gruplar\u0131na uygun bi\u00e7imde afet bilinci ve g\u00fcvenlik fark\u0131ndal\u0131\u011f\u0131 kazan\u0131rken, ayn\u0131 zamanda do\u011faya ve \u00e7evreye kar\u015f\u0131 sorumluluk duygular\u0131n\u0131 geli\u015ftirildi.<\/p>\n<p>Denizli\u2019de Ye\u015fil Vatan Benim Okulum Gelece\u011fe \u00c7are Ekim ay\u0131 temas\u0131 &#8220;Afetler ve Dayan\u0131kl\u0131l\u0131k Ay\u0131&#8221; kapsam\u0131nda ilimiz okullar\u0131nda e\u015f zamanl\u0131 tatbikat uyguland\u0131. Milli E\u011fitim Bakanl\u0131\u011f\u0131 2025-2026 e\u011fitim \u00f6\u011fretim y\u0131l\u0131 tematik takvimi kapsam\u0131nda ekim ay\u0131n\u0131 &#8220;Afetler ve Dayan\u0131kl\u0131l\u0131k Ay\u0131&#8221; olarak belirledi. Bu \u00e7er\u00e7evede, &#8220;Uluslararas\u0131 Afet Risklerinin Azalt\u0131lmas\u0131 G\u00fcn\u00fc&#8221; dolay\u0131s\u0131yla 13 Ekim Pazartesi g\u00fcn\u00fc \u00fclke genelinde t\u00fcm okullarda ayn\u0131 anda tahliye tatbikat\u0131 yap\u0131ld\u0131. Ye\u015fil Vatan- Benim Okulum Gelece\u011fe \u00c7ARE etkinlikleri kapsam\u0131nda Denizli genelinde de t\u00fcm okullarda; MEB AKUB koordinasyonuyla e\u015f zamanl\u0131 tatbikat d\u00fczenlendi. \u0130lgili kurumlar\u0131n i\u015fbirli\u011fi ile K\u0131z\u0131lay yard\u0131m at\u00f6lyeleri, K\u0131z\u0131lay yiyecek i\u00e7ecek istasyonu ve yang\u0131n tatbikatlar\u0131 ger\u00e7ekle\u015ftirildi.<\/p>\n<p>Yap\u0131lan etkinlikler sayesinde \u00f6\u011frenciler, ya\u015f gruplar\u0131na uygun bi\u00e7imde afet bilinci ve g\u00fcvenlik fark\u0131ndal\u0131\u011f\u0131 kazan\u0131rken, ayn\u0131 zamanda do\u011faya ve \u00e7evreye kar\u015f\u0131 sorumluluk duygular\u0131n\u0131 geli\u015ftirildi.<br \/><\/p>\n","protected":false},"excerpt":{"rendered":"<p>Denizli\u2019de afetler ve dayan\u0131kl\u0131l\u0131k ay\u0131 etkinlikleri kapsam\u0131nda okullarda e\u015f zamanl\u0131 tatbikat yap\u0131ld\u0131. Yap\u0131lan etkinlikler sayesinde \u00f6\u011frenciler, ya\u015f gruplar\u0131na uygun bi\u00e7imde afet bilinci ve g\u00fcvenlik fark\u0131ndal\u0131\u011f\u0131 kazan\u0131rken, ayn\u0131 zamanda do\u011faya ve \u00e7evreye kar\u015f\u0131 sorumluluk duygular\u0131n\u0131 geli\u015ftirildi. Denizli\u2019de Ye\u015fil Vatan Benim Okulum Gelece\u011fe \u00c7are Ekim ay\u0131 temas\u0131 &#8220;Afetler ve Dayan\u0131kl\u0131l\u0131k Ay\u0131&#8221; kapsam\u0131nda ilimiz okullar\u0131nda e\u015f zamanl\u0131 tatbikat&#8230;<\/p>\n","protected":false},"author":1,"featured_media":61191,"comment_status":"open","ping_status":"open","sticky":false,"template":"","format":"standard","meta":{"_crdt_document":"","footnotes":""},"categories":[1],"tags":[],"class_list":["post-61190","post","type-post","status-publish","format-standard","has-post-thumbnail","hentry","category-guncel"],"_links":{"self":[{"href":"https:\/\/www.egemtv.com\/index.php?rest_route=\/wp\/v2\/posts\/61190","targetHints":{"allow":["GET"]}}],"collection":[{"href":"https:\/\/www.egemtv.com\/index.php?rest_route=\/wp\/v2\/posts"}],"about":[{"href":"https:\/\/www.egemtv.com\/index.php?rest_route=\/wp\/v2\/types\/post"}],"author":[{"embeddable":true,"href":"https:\/\/www.egemtv.com\/index.php?rest_route=\/wp\/v2\/users\/1"}],"replies":[{"embeddable":true,"href":"https:\/\/www.egemtv.com\/index.php?rest_route=%2Fwp%2Fv2%2Fcomments&post=61190"}],"version-history":[{"count":1,"href":"https:\/\/www.egemtv.com\/index.php?rest_route=\/wp\/v2\/posts\/61190\/revisions"}],"predecessor-version":[{"id":61192,"href":"https:\/\/www.egemtv.com\/index.php?rest_route=\/wp\/v2\/posts\/61190\/revisions\/61192"}],"wp:featuredmedia":[{"embeddable":true,"href":"https:\/\/www.egemtv.com\/index.php?rest_route=\/wp\/v2\/media\/61191"}],"wp:attachment":[{"href":"https:\/\/www.egemtv.com\/index.php?rest_route=%2Fwp%2Fv2%2Fmedia&parent=61190"}],"wp:term":[{"taxonomy":"category","embeddable":true,"href":"https:\/\/www.egemtv.com\/index.php?rest_route=%2Fwp%2Fv2%2Fcategories&post=61190"},{"taxonomy":"post_tag","embeddable":true,"href":"https:\/\/www.egemtv.com\/index.php?rest_route=%2Fwp%2Fv2%2Ftags&post=61190"}],"curies":[{"name":"wp","href":"https:\/\/api.w.org\/{rel}","templated":true}]}}