{"id":61184,"date":"2025-10-14T09:35:15","date_gmt":"2025-10-14T06:35:15","guid":{"rendered":"https:\/\/www.egemtv.com\/?p=61184"},"modified":"2025-10-14T09:35:18","modified_gmt":"2025-10-14T06:35:18","slug":"aydinda-okul-sporlari-icin-yeni-donem-planlandi","status":"publish","type":"post","link":"https:\/\/www.egemtv.com\/?p=61184","title":{"rendered":"Ayd\u0131n\u2019da okul sporlar\u0131 i\u00e7in yeni d\u00f6nem planland\u0131"},"content":{"rendered":"<p>Ayd\u0131n Gen\u00e7lik ve Spor \u0130l M\u00fcd\u00fcrl\u00fc\u011f\u00fc, 2025-2026 e\u011fitim \u00f6\u011fretim y\u0131l\u0131 okul sporlar\u0131 ve spor faaliyetlerinin de\u011ferlendirme ve planlama toplant\u0131s\u0131n\u0131 ger\u00e7ekle\u015ftirdi.<\/p>\n<p>Yeni e\u011fitim \u00f6\u011fretim y\u0131l\u0131nda d\u00fczenlenecek okul sporlar\u0131 etkinliklerinin planland\u0131\u011f\u0131 toplant\u0131ya, \u0130l M\u00fcd\u00fcr\u00fc Serhat Y\u0131\u011fmatepe ba\u015fkanl\u0131k etti. Toplant\u0131da, Ayd\u0131n genelinde ger\u00e7ekle\u015ftirilecek okul sporlar\u0131 m\u00fcsabakalar\u0131n\u0131n takvimi, sporcu kat\u0131l\u0131m oranlar\u0131, tesis kullan\u0131m\u0131 ve okul-veli i\u015f birli\u011fi konular\u0131 ele al\u0131nd\u0131. \u0130l M\u00fcd\u00fcr\u00fc Serhat Y\u0131\u011fmatepe, \u00f6\u011frencilerin spora y\u00f6nlendirilmesi ve sa\u011fl\u0131kl\u0131 bir nesil yeti\u015ftirilmesi ad\u0131na okul sporlar\u0131n\u0131n b\u00fcy\u00fck \u00f6nem ta\u015f\u0131d\u0131\u011f\u0131n\u0131 vurgulad\u0131.  Ayd\u0131n Gen\u00e7lik ve Spor \u0130l M\u00fcd\u00fcrl\u00fc\u011f\u00fc\u2019nden yap\u0131lan a\u00e7\u0131klamada, &#8220;Ayd\u0131n \u0130l Gen\u00e7lik ve Spor M\u00fcd\u00fcr\u00fcm\u00fcz Serhat Y\u0131\u011fmatepe ba\u015fkanl\u0131\u011f\u0131nda, 2025-2026 e\u011fitim \u00f6\u011fretim y\u0131l\u0131 okul sporlar\u0131 ve spor faaliyetleri de\u011ferlendirme ve planlama toplant\u0131s\u0131 ger\u00e7ekle\u015fti&#8221; ifadelerine yer verildi.<br \/><\/p>\n","protected":false},"excerpt":{"rendered":"<p>Ayd\u0131n Gen\u00e7lik ve Spor \u0130l M\u00fcd\u00fcrl\u00fc\u011f\u00fc, 2025-2026 e\u011fitim \u00f6\u011fretim y\u0131l\u0131 okul sporlar\u0131 ve spor faaliyetlerinin de\u011ferlendirme ve planlama toplant\u0131s\u0131n\u0131 ger\u00e7ekle\u015ftirdi. Yeni e\u011fitim \u00f6\u011fretim y\u0131l\u0131nda d\u00fczenlenecek okul sporlar\u0131 etkinliklerinin planland\u0131\u011f\u0131 toplant\u0131ya, \u0130l M\u00fcd\u00fcr\u00fc Serhat Y\u0131\u011fmatepe ba\u015fkanl\u0131k etti. Toplant\u0131da, Ayd\u0131n genelinde ger\u00e7ekle\u015ftirilecek okul sporlar\u0131 m\u00fcsabakalar\u0131n\u0131n takvimi, sporcu kat\u0131l\u0131m oranlar\u0131, tesis kullan\u0131m\u0131 ve okul-veli i\u015f birli\u011fi konular\u0131 ele&#8230;<\/p>\n","protected":false},"author":1,"featured_media":61185,"comment_status":"open","ping_status":"open","sticky":false,"template":"","format":"standard","meta":{"_crdt_document":"","footnotes":""},"categories":[4],"tags":[],"class_list":["post-61184","post","type-post","status-publish","format-standard","has-post-thumbnail","hentry","category-spor"],"_links":{"self":[{"href":"https:\/\/www.egemtv.com\/index.php?rest_route=\/wp\/v2\/posts\/61184","targetHints":{"allow":["GET"]}}],"collection":[{"href":"https:\/\/www.egemtv.com\/index.php?rest_route=\/wp\/v2\/posts"}],"about":[{"href":"https:\/\/www.egemtv.com\/index.php?rest_route=\/wp\/v2\/types\/post"}],"author":[{"embeddable":true,"href":"https:\/\/www.egemtv.com\/index.php?rest_route=\/wp\/v2\/users\/1"}],"replies":[{"embeddable":true,"href":"https:\/\/www.egemtv.com\/index.php?rest_route=%2Fwp%2Fv2%2Fcomments&post=61184"}],"version-history":[{"count":1,"href":"https:\/\/www.egemtv.com\/index.php?rest_route=\/wp\/v2\/posts\/61184\/revisions"}],"predecessor-version":[{"id":61186,"href":"https:\/\/www.egemtv.com\/index.php?rest_route=\/wp\/v2\/posts\/61184\/revisions\/61186"}],"wp:featuredmedia":[{"embeddable":true,"href":"https:\/\/www.egemtv.com\/index.php?rest_route=\/wp\/v2\/media\/61185"}],"wp:attachment":[{"href":"https:\/\/www.egemtv.com\/index.php?rest_route=%2Fwp%2Fv2%2Fmedia&parent=61184"}],"wp:term":[{"taxonomy":"category","embeddable":true,"href":"https:\/\/www.egemtv.com\/index.php?rest_route=%2Fwp%2Fv2%2Fcategories&post=61184"},{"taxonomy":"post_tag","embeddable":true,"href":"https:\/\/www.egemtv.com\/index.php?rest_route=%2Fwp%2Fv2%2Ftags&post=61184"}],"curies":[{"name":"wp","href":"https:\/\/api.w.org\/{rel}","templated":true}]}}