{"id":61181,"date":"2025-10-14T09:35:00","date_gmt":"2025-10-14T06:35:00","guid":{"rendered":"https:\/\/www.egemtv.com\/?p=61181"},"modified":"2025-10-14T09:35:11","modified_gmt":"2025-10-14T06:35:11","slug":"koskte-12-mahalle-karantinaya-alindi","status":"publish","type":"post","link":"https:\/\/www.egemtv.com\/?p=61181","title":{"rendered":"K\u00f6\u015fk\u2019te 12 mahalle karantinaya al\u0131nd\u0131"},"content":{"rendered":"<p>Ayd\u0131n\u2019\u0131n Efeler il\u00e7esinde tespit edilen \u015fap hastal\u0131\u011f\u0131 sebebiyle K\u00f6\u015fk il\u00e7esinde 12 mahalle karantinaya al\u0131nd\u0131 ve hayvan giri\u015f \u00e7\u0131k\u0131\u015flar\u0131 yasakland\u0131.<\/p>\n<p>Ge\u00e7ti\u011fimiz g\u00fcn Efeler \u0130l\u00e7e Tar\u0131m ve Orman M\u00fcd\u00fcrl\u00fc\u011f\u00fc ekipleri Umurlu Mahallesi\u2019nde \u015fap hastal\u0131\u011f\u0131 tespit etti. Hastal\u0131kla m\u00fccadele kapsam\u0131nda ekipler \u00e7al\u0131\u015fmalar\u0131n\u0131 s\u00fcrd\u00fcr\u00fcrken K\u00f6\u015fk il\u00e7esinde de g\u00f6zetim b\u00f6lgesinde bulunan 12 mahalle karantinaya al\u0131nd\u0131. K\u00f6\u015fk \u0130l\u00e7e Tar\u0131m ve Orman M\u00fcd\u00fcrl\u00fc\u011f\u00fc taraf\u0131ndan al\u0131nan karar ile Baklak\u00f6y, Beyk\u00f6y, Cumadere, \u00c7iftlikk\u00f6y, G\u00fczelk\u00f6y, K\u0131z\u0131lcayer, Ko\u00e7ak, Alt\u0131eyl\u00fcl, \u00c7ar\u015f\u0131, Serdaro\u011flu, So\u011fukkuyu ve Ovak\u00f6y mahalleri karantinaya al\u0131nd\u0131 ve hayvan giri\u015f \u00e7\u0131k\u0131\u015flar\u0131 yasakland\u0131.<\/p>\n<p>Konu ile ilgili K\u00f6\u015fk \u0130l\u00e7e Tar\u0131m ve Orman M\u00fcd\u00fcrl\u00fc\u011f\u00fc\u2019nden yap\u0131lan a\u00e7\u0131klamada &#8220;Efeler il\u00e7esi Umurlu Mahallesi\u2019nde b\u00fcy\u00fckba\u015f hayvanlarda 17 Eyl\u00fcl 2025 tarihinde \u015fap hastal\u0131\u011f\u0131 \u00e7\u0131km\u0131\u015f olup, Baklak\u00f6y, Beyk\u00f6y, Cumadere, \u00c7iftlikk\u00f6y, G\u00fczelk\u00f6y, K\u0131z\u0131lcayer, Ko\u00e7ak, Alt\u0131eyl\u00fcl, \u00c7ar\u015f\u0131, Serdaro\u011flu, So\u011fukkuyu ve Ovak\u00f6y mahalleri g\u00f6zetim b\u00f6lgesi i\u00e7inde kalmaktad\u0131r. Hastal\u0131\u011f\u0131n \u00e7ok h\u0131zl\u0131 bir \u015fekilde yay\u0131lma \u00f6zelli\u011fine sahip olmas\u0131 sebebiyle il\u00e7emizdeki hayvan varl\u0131\u011f\u0131na sirayet etme ihtimalinin \u00e7ok y\u00fcksek derecede olmas\u0131, hayvan hareketlerinin fazla olmas\u0131 sebebiyle 5996 Say\u0131l\u0131 Veteriner Hizmetleri, Bitki Sa\u011fl\u0131\u011f\u0131, G\u0131da ve Yem Kanunu gere\u011fi K\u00f6\u015fk \u0130l\u00e7esi Hayvan Sa\u011fl\u0131k ve Zab\u0131tas\u0131 Komisyonu Kaymakam Hasan Ta\u015f\u2019\u0131n ba\u015fkanl\u0131\u011f\u0131nda toplanarak kararlar al\u0131nm\u0131\u015ft\u0131r. Buna g\u00f6re il\u00e7emiz Baklak\u00f6y, Beyk\u00f6y, Cumadere, \u00c7iftlikk\u00f6y, G\u00fczelk\u00f6y, K\u0131z\u0131lcayer, Ko\u00e7ak, Alt\u0131eyl\u00fcl, \u00c7ar\u015f\u0131, Serdaro\u011flu, So\u011fukkuyu ve Ovak\u00f6y mahallerine karantina koyulmu\u015ftur. \u0130lgili mahallelerde hastal\u0131k s\u00f6n\u00fc\u015f\u00fc yap\u0131lana kadar g\u00f6zetim b\u00f6lgesindeki t\u00fcm mahallelerde hayvan ve hayvan maddesi giri\u015f \u00e7\u0131k\u0131\u015flar\u0131 yasaklanm\u0131\u015ft\u0131r. Al\u0131nan komisyon karar\u0131n\u0131n aksine hareket edenlere idari ceza i\u015flemleri uygulanacakt\u0131r&#8221; ifadeleri yer ald\u0131.<br \/><\/p>\n","protected":false},"excerpt":{"rendered":"<p>Ayd\u0131n\u2019\u0131n Efeler il\u00e7esinde tespit edilen \u015fap hastal\u0131\u011f\u0131 sebebiyle K\u00f6\u015fk il\u00e7esinde 12 mahalle karantinaya al\u0131nd\u0131 ve hayvan giri\u015f \u00e7\u0131k\u0131\u015flar\u0131 yasakland\u0131. Ge\u00e7ti\u011fimiz g\u00fcn Efeler \u0130l\u00e7e Tar\u0131m ve Orman M\u00fcd\u00fcrl\u00fc\u011f\u00fc ekipleri Umurlu Mahallesi\u2019nde \u015fap hastal\u0131\u011f\u0131 tespit etti. Hastal\u0131kla m\u00fccadele kapsam\u0131nda ekipler \u00e7al\u0131\u015fmalar\u0131n\u0131 s\u00fcrd\u00fcr\u00fcrken K\u00f6\u015fk il\u00e7esinde de g\u00f6zetim b\u00f6lgesinde bulunan 12 mahalle karantinaya al\u0131nd\u0131. K\u00f6\u015fk \u0130l\u00e7e Tar\u0131m ve Orman&#8230;<\/p>\n","protected":false},"author":1,"featured_media":61182,"comment_status":"open","ping_status":"open","sticky":false,"template":"","format":"standard","meta":{"_crdt_document":"","footnotes":""},"categories":[1],"tags":[],"class_list":["post-61181","post","type-post","status-publish","format-standard","has-post-thumbnail","hentry","category-guncel"],"_links":{"self":[{"href":"https:\/\/www.egemtv.com\/index.php?rest_route=\/wp\/v2\/posts\/61181","targetHints":{"allow":["GET"]}}],"collection":[{"href":"https:\/\/www.egemtv.com\/index.php?rest_route=\/wp\/v2\/posts"}],"about":[{"href":"https:\/\/www.egemtv.com\/index.php?rest_route=\/wp\/v2\/types\/post"}],"author":[{"embeddable":true,"href":"https:\/\/www.egemtv.com\/index.php?rest_route=\/wp\/v2\/users\/1"}],"replies":[{"embeddable":true,"href":"https:\/\/www.egemtv.com\/index.php?rest_route=%2Fwp%2Fv2%2Fcomments&post=61181"}],"version-history":[{"count":1,"href":"https:\/\/www.egemtv.com\/index.php?rest_route=\/wp\/v2\/posts\/61181\/revisions"}],"predecessor-version":[{"id":61183,"href":"https:\/\/www.egemtv.com\/index.php?rest_route=\/wp\/v2\/posts\/61181\/revisions\/61183"}],"wp:featuredmedia":[{"embeddable":true,"href":"https:\/\/www.egemtv.com\/index.php?rest_route=\/wp\/v2\/media\/61182"}],"wp:attachment":[{"href":"https:\/\/www.egemtv.com\/index.php?rest_route=%2Fwp%2Fv2%2Fmedia&parent=61181"}],"wp:term":[{"taxonomy":"category","embeddable":true,"href":"https:\/\/www.egemtv.com\/index.php?rest_route=%2Fwp%2Fv2%2Fcategories&post=61181"},{"taxonomy":"post_tag","embeddable":true,"href":"https:\/\/www.egemtv.com\/index.php?rest_route=%2Fwp%2Fv2%2Ftags&post=61181"}],"curies":[{"name":"wp","href":"https:\/\/api.w.org\/{rel}","templated":true}]}}