{"id":61178,"date":"2025-10-14T01:34:34","date_gmt":"2025-10-13T22:34:34","guid":{"rendered":"https:\/\/www.egemtv.com\/?p=61178"},"modified":"2025-10-14T01:34:36","modified_gmt":"2025-10-13T22:34:36","slug":"izmir-buyuksehir-belediyesi-yolsuzluk-davasinda-3-tahliye","status":"publish","type":"post","link":"https:\/\/www.egemtv.com\/?p=61178","title":{"rendered":"\u0130zmir B\u00fcy\u00fck\u015fehir Belediyesi yolsuzluk davas\u0131nda 3 tahliye"},"content":{"rendered":"<p>\u0130zmir B\u00fcy\u00fck\u015fehir Belediyesi i\u015ftiraki \u0130ZBETON\u2019a y\u00f6nelik soru\u015fturmada kooperatiflerdeki usuls\u00fczl\u00fck iddialar\u0131 ile ilgili a\u00e7\u0131lan davan\u0131n 2\u2019inci duru\u015fmas\u0131nda ara karar a\u00e7\u0131kland\u0131. Kararda; Tun\u00e7 Soyer, Heval Sava\u015f Kaya ve Bar\u0131\u015f Karc\u0131\u2019n\u0131n tutuklulu\u011funun devam\u0131na; \u015eenol Aslano\u011flu, Cihangir L\u00fcbi\u00e7 ve H\u00fcseyin \u015eim\u015fek\u2019in tahliyesine karar verildi.<br \/>\n<br \/>\u0130zmir Cumhuriyet Ba\u015fsavc\u0131l\u0131\u011f\u0131 taraf\u0131ndan, \u0130zmir B\u00fcy\u00fck\u015fehir Belediyesi (\u0130ZBB) i\u015ftiraklerinden \u0130ZBETON A\u015e\u2019de ta\u015feron \u015firketler arac\u0131l\u0131\u011f\u0131yla yolsuzluk yap\u0131ld\u0131\u011f\u0131 iddialar\u0131 \u00fczerine 1 Temmuz\u2019da geni\u015f \u00e7apl\u0131 bir soru\u015fturma ba\u015flat\u0131lm\u0131\u015ft\u0131. Say\u0131\u015ftay, m\u00fclkiye m\u00fcfetti\u015fi ve bilirki\u015fi raporlar\u0131na dayand\u0131r\u0131lan kapsaml\u0131 bir soru\u015fturma kapsam\u0131nda, &#8220;\u0130haleye fesat kar\u0131\u015ft\u0131rma&#8221; ve &#8220;Nitelikli doland\u0131r\u0131c\u0131l\u0131k&#8221; su\u00e7lamalar\u0131yla 157 ki\u015fi hakk\u0131nda g\u00f6zalt\u0131 karar\u0131 verildi. Soru\u015fturma \u00e7er\u00e7evesinde g\u00f6zalt\u0131na al\u0131nanlar aras\u0131nda, d\u00f6nemin \u0130zmir B\u00fcy\u00fck\u015fehir Belediye Ba\u015fkan\u0131 Tun\u00e7 Soyer ile Cumhuriyet Halk Partisi (CHP) \u0130zmir \u0130l Ba\u015fkan\u0131 \u015eenol Aslano\u011flu\u2019nun da bulundu\u011fu 139 \u015f\u00fcpheli yer ald\u0131. Emniyetteki i\u015flemlerinin ard\u0131ndan adliyeye sevk edilen \u015f\u00fcphelilerden Soyer ve Aslano\u011flu\u2019nun da aralar\u0131nda bulundu\u011fu 60 ki\u015fi \u00e7\u0131kar\u0131ld\u0131klar\u0131 mahkemece tutukland\u0131. 58 ki\u015fi adli kontrol \u015fart\u0131yla serbest b\u0131rak\u0131l\u0131rken, kalan \u015f\u00fcpheliler ise herhangi bir tedbir uygulanmadan serbest b\u0131rak\u0131ld\u0131.<\/p>\n<p>\u0130ddianame haz\u0131rland\u0131<br \/>\n<br \/>\u0130zmir\u2019in farkl\u0131 il\u00e7elerinde y\u00fcr\u00fct\u00fclen kentsel d\u00f6n\u00fc\u015f\u00fcm projelerine ili\u015fkin y\u00fcr\u00fct\u00fclen soru\u015fturma kapsam\u0131nda haz\u0131rlanan iddianame, \u0130zmir A\u011f\u0131r Ceza Mahkemesi\u2019ne sunuldu. \u0130ddianamede, \u00d6rnekk\u00f6y 3. ve 4. etap, Gaziemir-Aktepe &#8211; Emrez Mahallesi 1. etap ile Karaba\u011flar 3. ve 4. etapta kat kar\u015f\u0131l\u0131\u011f\u0131 in\u015faat i\u015flerinde usuls\u00fczl\u00fck yap\u0131ld\u0131\u011f\u0131 iddialar\u0131 yer ald\u0131. Soru\u015fturma kapsam\u0131nda, 449 ma\u011fdur, 7 m\u00fc\u015fteki ile birlikte Hazine ve Maliye Bakanl\u0131\u011f\u0131, \u0130\u00e7i\u015fleri Bakanl\u0131\u011f\u0131, \u0130zmir B\u00fcy\u00fck\u015fehir Belediyesi ve \u0130ZBETON A\u015e\u2019nin de su\u00e7tan zarar g\u00f6renler aras\u0131nda oldu\u011fu belirtildi. Aralar\u0131nda eski \u0130zmir B\u00fcy\u00fck\u015fehir Belediye Ba\u015fkan\u0131 Tun\u00e7 Soyer ve CHP \u0130zmir \u0130l Ba\u015fkan\u0131 \u015eenol Aslano\u011flu\u2019nun da bulundu\u011fu 6\u2019s\u0131 tutuklu toplam 65 \u015f\u00fcpheli hakk\u0131nda, her biri i\u00e7in 3 y\u0131ldan 45 y\u0131la kadar hapis cezas\u0131 talep edildi.<\/p>\n<p>5 tahliye<br \/>\n<br \/>Soyer, Kaya ve Aslano\u011flu\u2019nun aralar\u0131nda bulundu\u011fu 11 tutuklu 65 san\u0131k gecen ay \u0130zmir Adliyesi 23\u2019\u00fcnc\u00fc A\u011f\u0131r Ceza Mahkemesi\u2019nde yarg\u0131lanmaya ba\u015fland\u0131. Alia\u011fa Ceza \u0130nfaz Kurumlar\u0131 Kamp\u00fcs\u00fc\u2019nde g\u00f6r\u00fclen ve 3 g\u00fcn s\u00fcren duru\u015fman\u0131n ard\u0131ndan \u0130ZBETON Y\u00f6netim Kurulu \u00dcyesi Levent \u0130\u015fler, \u0130ZBETON Y\u00f6netim Kurulu \u00dcyesi Sevcan T\u0131naztepe, \u0130ZBETON Y\u00f6netim Kurulu \u00dcyesi Orhan Serta\u00e7 D\u00f6lek, \u0130ZBETON Y\u00f6netim Kurulu \u00dcyesi Mehmet G\u00fcrhan \u00d6zata ve eski \u0130ZBETON Genel M\u00fcd\u00fcr Yard\u0131mc\u0131s\u0131 Mehmet Alphan Bozan tahliye edildi. Eski \u0130zmir B\u00fcy\u00fck\u015fehir Belediye Ba\u015fkan\u0131 Tun\u00e7 Soyer, CHP \u0130zmir \u0130l Ba\u015fkan\u0131 \u015eenol Aslano\u011flu, SS \u0130\u015f D\u00fcnyas\u0131 Konut Yap\u0131 Kooperatifi Ba\u015fkan\u0131 Cihangir L\u00fcbi\u00e7, eski \u0130ZBETON Genel M\u00fcd\u00fcr Yard\u0131mc\u0131s\u0131 H\u00fcseyin \u015eim\u015fek, eski \u0130zmir B\u00fcy\u00fck\u015fehir Belediyesi Genel Sekreteri ve \u0130ZBETON Y\u00f6netim Kurulu Ba\u015fkanvekili Bar\u0131\u015f Karc\u0131 ve eski \u0130ZBETON Genel M\u00fcd\u00fcr\u00fc Heval Sava\u015f Kaya\u2019n\u0131n tutukluluk hallerinin devam\u0131na karar verilirken, savunmas\u0131 al\u0131nan t\u00fcm tutuksuz san\u0131klar\u0131n adli kontrol \u015fartlar\u0131 da kald\u0131r\u0131ld\u0131.<\/p>\n<p>\u0130ZBB\u2019den mahkemeye yaz\u0131<br \/>\n<br \/>Su\u00e7tan zarar g\u00f6renler listesinde bulunan \u0130zmir B\u00fcy\u00fck\u015fehir Belediyesi\u2019nden mahkemeye sunulan yaz\u0131da seyahat bedeli, konaklama ve organizasyon harcamalar\u0131ndaki usuls\u00fczl\u00fck iddialar\u0131 ile ilgili kamu zarar\u0131na rastlan\u0131lmad\u0131\u011f\u0131n\u0131 belirten yaz\u0131n\u0131n geldi\u011fi ve dosyaya kondu\u011fu belirtildi. Duru\u015fmaya tutuklu san\u0131klar eski \u0130zmir B\u00fcy\u00fck\u015fehir Belediye Ba\u015fkan\u0131 Tun\u00e7 Soyer, CHP \u0130zmir \u0130l Ba\u015fkan\u0131 \u015eenol Aslano\u011flu, SS \u0130\u015f D\u00fcnyas\u0131 Konut Yap\u0131 Kooperatifi Ba\u015fkan\u0131 Cihangir L\u00fcbi\u00e7, eski \u0130ZBETON Genel M\u00fcd\u00fcr Yard\u0131mc\u0131s\u0131 H\u00fcseyin \u015eim\u015fek, eski \u0130zmir B\u00fcy\u00fck\u015fehir Belediyesi Genel Sekreteri ve \u0130ZBETON Y\u00f6netim Kurulu Ba\u015fkanvekili Bar\u0131\u015f Karc\u0131 ve eski \u0130ZBETON Genel M\u00fcd\u00fcr\u00fc Heval Sava\u015f Kaya\u2019n\u0131n yan\u0131 s\u0131ra baz\u0131 tutuksuz san\u0131klar, m\u00fc\u015ftekiler, CHP \u0130zmir Milletvekili Murat Bakan, eski \u0130zmir B\u00fcy\u00fck\u015fehir Belediye Ba\u015fkan\u0131 Aziz Kocao\u011flu, san\u0131k yak\u0131nlar\u0131 ve partililer kat\u0131ld\u0131.<br \/>\n<br \/>Aralar\u0131nda \u015eenol Aslano\u011flu, Tun\u00e7 Soyer ve Heval Sava\u015f Kaya\u2019n\u0131n da bulundu\u011fu 6\u2019s\u0131 tutuklu 65 san\u0131kl\u0131 davada 2. duru\u015fma bug\u00fcn g\u00f6r\u00fcld\u00fc. Duru\u015fmaya ifadesi al\u0131nmayan san\u0131klar\u0131n ifadeleriyle ba\u015flad\u0131. Mahkemede s\u00f6z alan Soyer, Aslano\u011flu ve Kaya, savunmalar\u0131n\u0131 m\u00fctalaan\u0131n sunulmas\u0131n\u0131n ard\u0131ndan yapacaklar\u0131n\u0131 beyan etti. Verilen bir saatlik aran\u0131n ard\u0131ndan duru\u015fma, ma\u011fdur beyanlar\u0131n\u0131n al\u0131nmas\u0131yla s\u00fcrd\u00fc.<\/p>\n<p>M\u00fctaala a\u00e7\u0131kland\u0131<br \/>\n<br \/>Ma\u011fdurlar\u0131n ifadelerinin ard\u0131ndan savc\u0131 m\u00fctaalas\u0131n\u0131 a\u00e7\u0131klad\u0131. Savc\u0131l\u0131k makam\u0131, Kentsel D\u00f6n\u00fc\u015f\u00fcm Daire Ba\u015fkan\u0131 Arzu \u00d6z\u00e7elik hakk\u0131nda zorla getirme karar\u0131 talep etti. M\u00fctalaada; ma\u011fdurlar ve su\u00e7tan zarar g\u00f6ren m\u00fc\u015ftekilerin kat\u0131lma taleplerinin kabul\u00fc, adli kontrol\u00fcn kald\u0131r\u0131lmas\u0131 taleplerinin reddi ve bilirki\u015fi raporu, Dan\u0131\u015ftay ve Say\u0131\u015ftay raporlar\u0131 uyar\u0131nca san\u0131klar\u0131n sosyo ekonomik seviyeleri itibari ve konumlar\u0131 itibariyle delilleri etkileme ihtimali, delillerin yeteri kadar toplanmam\u0131\u015f olmas\u0131, bilirki\u015fi raporu ile delillerin artma ihtimali itibariyle Bar\u0131\u015f Karc\u0131, Heval Sava\u015f Kaya, Tun\u00e7 Soyer, \u015eenol Aslano\u011flu, Cihangir L\u00fcbi\u00e7\u2019in tutukluluk hallerinin devam\u0131 ve H\u00fcseyin \u015eim\u015fek\u2019in tahliyesi ve adli kontrol\u00fcn\u00fc talep etti.<\/p>\n<p>&#8220;Aday g\u00f6sterilip g\u00f6revime devam etseydim, asla huzurunuzda olmayacakt\u0131k&#8221;<br \/>\n<br \/>Kooperatif davas\u0131nda savc\u0131 m\u00fctalaas\u0131n\u0131n ard\u0131ndan savunmas\u0131n\u0131 yapan eski \u0130zmir B\u00fcy\u00fck\u015fehir Belediye Ba\u015fkan\u0131 Tun\u00e7 Soyer, &#8220;Kooperatif ortaklar\u0131n\u0131n \u00f6dedikleri paralar kooperatif hesaplar\u0131ndad\u0131r, varsa bir eksiklik, bir yolsuzluk her kooperatif y\u00f6netimi ortaklar\u0131na zaten bunun hesab\u0131n\u0131 verir. Evet gecikmeler olmu\u015ftur ancak in\u015faatta olan gecikmeler asla doland\u0131r\u0131c\u0131l\u0131k kabul edilemez. Kald\u0131 ki g\u00f6rev s\u00fcrem i\u00e7erisinde teslim tarihi gelmi\u015f ve gecikmi\u015f hi\u00e7bir in\u015faat yoktur. \u0130n\u015faatlar\u0131n gecikmesinin en b\u00fcy\u00fck sebebi Temmuz 2024\u2019te in\u015faatlar\u0131n durdurulmu\u015f olmas\u0131d\u0131r. Ancak \u015funu da kabul etmek gerekir ki; T\u00fcrkiye\u2019de kim taraf\u0131ndan yap\u0131l\u0131rsa yap\u0131ls\u0131n in\u015faat maliyetlerinin kontrol edilemez art\u0131\u015flar\u0131 nedeniyle in\u015faatlarda uzun gecikmeler ya\u015fanmas\u0131 maalesef hayat\u0131n ola\u011fan ak\u0131\u015f\u0131 haline gelmi\u015ftir. B\u0131rak\u0131n insanlar\u0131 aldatmay\u0131, doland\u0131rmay\u0131, daima herkesin derdiyle dertlendim. \u00c7\u00fcnk\u00fc ben bu \u015fehri, bu memleketi u\u011fruna hayat\u0131m\u0131 verebilecek kadar \u00e7ok sevdim. Aday g\u00f6sterilip g\u00f6revime devam etseydim \u015fu an bir\u00e7ok etapta anahtar teslimi yapm\u0131\u015f, yeni etaplar\u0131 ba\u015flatm\u0131\u015ft\u0131k ve \u015fimdi asla huzurunuzda olmayacakt\u0131k&#8221; dedi.<\/p>\n<p>&#8220;Benim ka\u00e7mam d\u00fcnyan\u0131n en rezil \u015feyi olmaz m\u0131&#8221;<br \/>\n<br \/>Savc\u0131n\u0131n m\u00fctalaas\u0131 sonras\u0131 savunmas\u0131n\u0131 yapan tutuklu san\u0131k CHP \u0130zmir \u0130l Ba\u015fkan\u0131 \u015eenol Aslano\u011flu, &#8220;Bug\u00fcn ma\u011fdur ablalar\u0131m\u0131z\u0131, abilerimizi ve karde\u015flerimizi dinledik. Konu\u015fanlar bu tarafa bakmama ya da sordu\u011funuzda \u2018Kimin g\u00fcnah\u0131na girelim\u2019 gibi bir ev meselesi var teslim al\u0131rsak konu do\u011fru bir yere gider dendi. A\u011f\u0131r ceza mahkemesindeyiz siz de a\u011f\u0131r ceza dinlemek istiyorsunuz ama biz kooperatif konu\u015fuyoruz. Dinledi\u011finiz tek ki\u015fi \u015eenol Aslano\u011flu \u015fu kadar paray\u0131 zimmetine ge\u00e7irdi, benden para ald\u0131, istedi dedi mi? Yok. \u00dc\u00e7 y\u0131ld\u0131r il ba\u015fkan\u0131y\u0131m, yirmi y\u0131ld\u0131r \u015fehrin en \u00f6nemli kurulu\u015flar\u0131nda y\u00f6neticilik yap\u0131yorum. Benim ka\u00e7mam m\u00fcmk\u00fcn m\u00fc? Cuma g\u00fcn\u00fc il kongremiz var. Partimiz, \u2019Sen hapiste de olsan seni se\u00e7mek istiyoruz\u2019 dedi. Bu arada, benim ka\u00e7mam d\u00fcnyan\u0131n en rezil \u015feyi olmaz m\u0131? \u00dc\u00e7 g\u00fcn sonra il kongresi var&#8221; ifadelerini kulland\u0131.<\/p>\n<p>&#8220;Bir tanesi \u2018Heval benden para istedi\u2019 demedi&#8221;<br \/>\n<br \/>Tutuklu san\u0131klardan \u0130ZBETON eski genel m\u00fcd\u00fcr\u00fc Heval Sava\u015f Kaya ise &#8220;Biz bug\u00fcn iddianamede yazmayan, her yerde kendine g\u00f6re ma\u011fdur oldu\u011funu ifade eden arkada\u015flar\u0131 dinledik. Yar\u0131s\u0131 \u015fikayet\u00e7i de\u011fil. Biz iddianamede yazmayan kamu zarar\u0131n\u0131 konu\u015fal\u0131m. Bir ki\u015fi de Heval \u015funu yapt\u0131 demedi. Bir tanesi \u2018Heval benden para istedi\u2019 demedi. Benim ad\u0131m verilmiyorsa biz nas\u0131l \u015febekeyiz, nas\u0131l doland\u0131r\u0131c\u0131y\u0131z?  Bu kadar adam neden 2 teyzenin paras\u0131n\u0131n pe\u015fine d\u00fc\u015felim? 2012\u2019de ba\u015flayan 2019\u2019da devam eden kentsel d\u00f6n\u00fc\u015f\u00fcm s\u0131k\u0131\u015fm\u0131\u015ft\u0131. Bug\u00fcn teyzelerimizin s\u00f6ylediklerinin ayn\u0131s\u0131n\u0131 s\u00f6yleyen insanlar i\u00e7in el ele verip i\u015f \u00fcretmeye \u00e7al\u0131\u015fan iyi niyetli insanlar\u0131z&#8221; diye ekledi.<\/p>\n<p>Ara karar<br \/>\n<br \/>\u0130zmir B\u00fcy\u00fck\u015fehir Belediyesi i\u015ftiraki \u0130ZBETON\u2019a y\u00f6nelik y\u00fcr\u00fct\u00fclen soru\u015fturmada, kooperatiflerdeki usuls\u00fczl\u00fck iddialar\u0131na ili\u015fkin a\u00e7\u0131lan davan\u0131n ikinci duru\u015fmas\u0131nda mahkeme ara karar\u0131n\u0131 a\u00e7\u0131klad\u0131. Mahkeme, eski \u0130zmir B\u00fcy\u00fck\u015fehir Belediye Ba\u015fkan\u0131 Tun\u00e7 Soyer, eski \u0130ZBETON Genel M\u00fcd\u00fcr\u00fc Heval Sava\u015f Kaya ve eski B\u00fcy\u00fck\u015fehir Belediyesi Genel Sekreteri Bar\u0131\u015f Karc\u0131\u2019n\u0131n tutukluluk halinin devam\u0131na h\u00fckmetti. Duru\u015fmada ayr\u0131ca CHP \u0130zmir \u0130l Ba\u015fkan\u0131 \u015eenol Aslano\u011flu, kooperatif ba\u015fkan\u0131 Cihangir L\u00fcbi\u00e7 ve eski \u0130ZBETON Y\u00f6netim Kurulu \u00dcyesi H\u00fcseyin \u015eim\u015fek\u2019in tahliyesine karar verildi. Ancak Aslano\u011flu hakk\u0131nda adli kontrol \u015fart\u0131 kapsam\u0131nda ev hapsi uygulanmas\u0131na h\u00fckmedildi. Bir sonraki duru\u015fman\u0131n 9 Aral\u0131k\u2019ta Alia\u011fa \u015eakran Cezaevi yerle\u015fkesindeki duru\u015fma salonunda yap\u0131lmas\u0131na karar verildi.<br \/><\/p>\n","protected":false},"excerpt":{"rendered":"<p>\u0130zmir B\u00fcy\u00fck\u015fehir Belediyesi i\u015ftiraki \u0130ZBETON\u2019a y\u00f6nelik soru\u015fturmada kooperatiflerdeki usuls\u00fczl\u00fck iddialar\u0131 ile ilgili a\u00e7\u0131lan davan\u0131n 2\u2019inci duru\u015fmas\u0131nda ara karar a\u00e7\u0131kland\u0131. Kararda; Tun\u00e7 Soyer, Heval Sava\u015f Kaya ve Bar\u0131\u015f Karc\u0131\u2019n\u0131n tutuklulu\u011funun devam\u0131na; \u015eenol Aslano\u011flu, Cihangir L\u00fcbi\u00e7 ve H\u00fcseyin \u015eim\u015fek\u2019in tahliyesine karar verildi. \u0130zmir Cumhuriyet Ba\u015fsavc\u0131l\u0131\u011f\u0131 taraf\u0131ndan, \u0130zmir B\u00fcy\u00fck\u015fehir Belediyesi (\u0130ZBB) i\u015ftiraklerinden \u0130ZBETON A\u015e\u2019de ta\u015feron \u015firketler arac\u0131l\u0131\u011f\u0131yla yolsuzluk&#8230;<\/p>\n","protected":false},"author":1,"featured_media":61179,"comment_status":"open","ping_status":"open","sticky":false,"template":"","format":"standard","meta":{"_crdt_document":"","footnotes":""},"categories":[5],"tags":[],"class_list":["post-61178","post","type-post","status-publish","format-standard","has-post-thumbnail","hentry","category-asayis"],"_links":{"self":[{"href":"https:\/\/www.egemtv.com\/index.php?rest_route=\/wp\/v2\/posts\/61178","targetHints":{"allow":["GET"]}}],"collection":[{"href":"https:\/\/www.egemtv.com\/index.php?rest_route=\/wp\/v2\/posts"}],"about":[{"href":"https:\/\/www.egemtv.com\/index.php?rest_route=\/wp\/v2\/types\/post"}],"author":[{"embeddable":true,"href":"https:\/\/www.egemtv.com\/index.php?rest_route=\/wp\/v2\/users\/1"}],"replies":[{"embeddable":true,"href":"https:\/\/www.egemtv.com\/index.php?rest_route=%2Fwp%2Fv2%2Fcomments&post=61178"}],"version-history":[{"count":1,"href":"https:\/\/www.egemtv.com\/index.php?rest_route=\/wp\/v2\/posts\/61178\/revisions"}],"predecessor-version":[{"id":61180,"href":"https:\/\/www.egemtv.com\/index.php?rest_route=\/wp\/v2\/posts\/61178\/revisions\/61180"}],"wp:featuredmedia":[{"embeddable":true,"href":"https:\/\/www.egemtv.com\/index.php?rest_route=\/wp\/v2\/media\/61179"}],"wp:attachment":[{"href":"https:\/\/www.egemtv.com\/index.php?rest_route=%2Fwp%2Fv2%2Fmedia&parent=61178"}],"wp:term":[{"taxonomy":"category","embeddable":true,"href":"https:\/\/www.egemtv.com\/index.php?rest_route=%2Fwp%2Fv2%2Fcategories&post=61178"},{"taxonomy":"post_tag","embeddable":true,"href":"https:\/\/www.egemtv.com\/index.php?rest_route=%2Fwp%2Fv2%2Ftags&post=61178"}],"curies":[{"name":"wp","href":"https:\/\/api.w.org\/{rel}","templated":true}]}}