{"id":61175,"date":"2025-10-14T00:54:35","date_gmt":"2025-10-13T21:54:35","guid":{"rendered":"https:\/\/www.egemtv.com\/?p=61175"},"modified":"2025-10-14T00:54:37","modified_gmt":"2025-10-13T21:54:37","slug":"kutahyada-2-katli-binada-cikan-yangin-korkuttu","status":"publish","type":"post","link":"https:\/\/www.egemtv.com\/?p=61175","title":{"rendered":"K\u00fctahya\u2019da 2 katl\u0131 binada \u00e7\u0131kan yang\u0131n korkuttu"},"content":{"rendered":"<p>K\u00fctahya\u2019da iki katl\u0131 binan\u0131n \u00e7at\u0131 kat\u0131nda \u00e7\u0131kan yang\u0131n, itfaiye ekiplerinin m\u00fcdahalesiyle s\u00f6nd\u00fcr\u00fcld\u00fc. Yang\u0131nda ev kullan\u0131lamaz hale gelirken, fenala\u015fan bir ki\u015fi hastaneye kald\u0131r\u0131ld\u0131.<br \/>\n<br \/>Edinilen bilgiye g\u00f6re, Sultanba\u011f\u0131 Mahallesi Ge\u00e7it Sokak\u2019taki iki katl\u0131 binan\u0131n \u00e7at\u0131 kat\u0131nda hen\u00fcz belirlenemeyen bir nedenle yang\u0131n \u00e7\u0131kt\u0131. Alevleri fark eden vatanda\u015flar\u0131n durumu 112 Acil \u00c7a\u011fr\u0131 Merkezi\u2019ne bildirmesiyle olay yerine itfaiye, sa\u011fl\u0131k ve polis ekipleri sevk edildi. Ekiplerin 1 saatlik \u00e7al\u0131\u015fmalar\u0131 sonucu yang\u0131n s\u00f6nd\u00fcr\u00fcl\u00fcrken, bir ki\u015fi fenala\u015farak K\u00fctahya \u015eehir Hastanesi\u2019ne kald\u0131r\u0131ld\u0131.<br \/>\n<br \/>Yang\u0131n\u0131n \u00e7\u0131k\u0131\u015f sebebiyle ilgili \u00e7al\u0131\u015fma ba\u015flat\u0131ld\u0131.<br \/><\/p>\n","protected":false},"excerpt":{"rendered":"<p>K\u00fctahya\u2019da iki katl\u0131 binan\u0131n \u00e7at\u0131 kat\u0131nda \u00e7\u0131kan yang\u0131n, itfaiye ekiplerinin m\u00fcdahalesiyle s\u00f6nd\u00fcr\u00fcld\u00fc. Yang\u0131nda ev kullan\u0131lamaz hale gelirken, fenala\u015fan bir ki\u015fi hastaneye kald\u0131r\u0131ld\u0131. Edinilen bilgiye g\u00f6re, Sultanba\u011f\u0131 Mahallesi Ge\u00e7it Sokak\u2019taki iki katl\u0131 binan\u0131n \u00e7at\u0131 kat\u0131nda hen\u00fcz belirlenemeyen bir nedenle yang\u0131n \u00e7\u0131kt\u0131. Alevleri fark eden vatanda\u015flar\u0131n durumu 112 Acil \u00c7a\u011fr\u0131 Merkezi\u2019ne bildirmesiyle olay yerine itfaiye, sa\u011fl\u0131k ve&#8230;<\/p>\n","protected":false},"author":1,"featured_media":61176,"comment_status":"open","ping_status":"open","sticky":false,"template":"","format":"standard","meta":{"_crdt_document":"","footnotes":""},"categories":[5],"tags":[],"class_list":["post-61175","post","type-post","status-publish","format-standard","has-post-thumbnail","hentry","category-asayis"],"_links":{"self":[{"href":"https:\/\/www.egemtv.com\/index.php?rest_route=\/wp\/v2\/posts\/61175","targetHints":{"allow":["GET"]}}],"collection":[{"href":"https:\/\/www.egemtv.com\/index.php?rest_route=\/wp\/v2\/posts"}],"about":[{"href":"https:\/\/www.egemtv.com\/index.php?rest_route=\/wp\/v2\/types\/post"}],"author":[{"embeddable":true,"href":"https:\/\/www.egemtv.com\/index.php?rest_route=\/wp\/v2\/users\/1"}],"replies":[{"embeddable":true,"href":"https:\/\/www.egemtv.com\/index.php?rest_route=%2Fwp%2Fv2%2Fcomments&post=61175"}],"version-history":[{"count":1,"href":"https:\/\/www.egemtv.com\/index.php?rest_route=\/wp\/v2\/posts\/61175\/revisions"}],"predecessor-version":[{"id":61177,"href":"https:\/\/www.egemtv.com\/index.php?rest_route=\/wp\/v2\/posts\/61175\/revisions\/61177"}],"wp:featuredmedia":[{"embeddable":true,"href":"https:\/\/www.egemtv.com\/index.php?rest_route=\/wp\/v2\/media\/61176"}],"wp:attachment":[{"href":"https:\/\/www.egemtv.com\/index.php?rest_route=%2Fwp%2Fv2%2Fmedia&parent=61175"}],"wp:term":[{"taxonomy":"category","embeddable":true,"href":"https:\/\/www.egemtv.com\/index.php?rest_route=%2Fwp%2Fv2%2Fcategories&post=61175"},{"taxonomy":"post_tag","embeddable":true,"href":"https:\/\/www.egemtv.com\/index.php?rest_route=%2Fwp%2Fv2%2Ftags&post=61175"}],"curies":[{"name":"wp","href":"https:\/\/api.w.org\/{rel}","templated":true}]}}