{"id":61169,"date":"2025-10-13T22:34:48","date_gmt":"2025-10-13T19:34:48","guid":{"rendered":"https:\/\/www.egemtv.com\/?p=61169"},"modified":"2025-10-13T22:34:49","modified_gmt":"2025-10-13T19:34:49","slug":"dogurdugu-bebegi-terasa-birakan-kadin-tutuklandi","status":"publish","type":"post","link":"https:\/\/www.egemtv.com\/?p=61169","title":{"rendered":"Do\u011furdu\u011fu bebe\u011fi terasa b\u0131rakan kad\u0131n tutukland\u0131"},"content":{"rendered":"<p>Bodrum\u2019da lojmanda do\u011furdu\u011fu bebe\u011fini havluya sar\u0131p terasa b\u0131rakan K\u0131rg\u0131zistan uyruklu kad\u0131n, sevk edildi\u011fi adliyede mahkeme taraf\u0131ndan tutukland\u0131.<br \/>\n<br \/>Yakla\u015f\u0131k 5 ay \u00f6nce K\u0131rg\u0131zistan\u2019dan Bodrum\u2019a \u00e7al\u0131\u015fmaya gelen 19 ya\u015f\u0131ndaki Z.U.K., ge\u00e7ti\u011fimiz cuma g\u00fcn\u00fc yo\u011fun kan kayb\u0131 \u015fikayetiyle hastaneye gitti. Kad\u0131n\u0131n do\u011fum yapt\u0131\u011f\u0131n\u0131 anlayan sa\u011fl\u0131k g\u00f6revlileri, polise haber verdi. Kad\u0131n\u0131n ifadesini alan ekipler, daha sonra lojmana gitti. Kad\u0131n\u0131n kald\u0131\u011f\u0131 lojmanda arama yapan ekipler, terasta havluya sar\u0131l\u0131 haldeki bebekle kar\u015f\u0131la\u015ft\u0131. Sa\u011fl\u0131k ekiplerince yap\u0131lan kontrolde bebe\u011fin ya\u015fam\u0131n\u0131 yitirdi\u011fi belirlendi. Gen\u00e7 kad\u0131n\u0131n kendi imkanlar\u0131yla do\u011fum yapt\u0131\u011f\u0131, kanamas\u0131 durmay\u0131nca hastaneye gitti\u011fi belirlendi. \u0130fadesinin ard\u0131ndan yeniden hastaneye kald\u0131r\u0131lan kad\u0131n, tedavisinin ard\u0131ndan g\u00f6zalt\u0131na al\u0131nd\u0131. Kad\u0131n\u0131n ifadesinde bebe\u011fin do\u011fum yaparken \u00f6ld\u00fc\u011f\u00fcn\u00fc s\u00f6yledi\u011fi \u00f6\u011frenildi. 19 ya\u015f\u0131ndaki Z.U.K., bug\u00fcn adliyeye sevk edildi. Z.U.K., sevk edildi\u011fi adliyede \u00e7\u0131kart\u0131ld\u0131\u011f\u0131 mahkeme taraf\u0131ndan tutuklanarak cezaevine g\u00f6nderildi.<br \/><\/p>\n","protected":false},"excerpt":{"rendered":"<p>Bodrum\u2019da lojmanda do\u011furdu\u011fu bebe\u011fini havluya sar\u0131p terasa b\u0131rakan K\u0131rg\u0131zistan uyruklu kad\u0131n, sevk edildi\u011fi adliyede mahkeme taraf\u0131ndan tutukland\u0131. Yakla\u015f\u0131k 5 ay \u00f6nce K\u0131rg\u0131zistan\u2019dan Bodrum\u2019a \u00e7al\u0131\u015fmaya gelen 19 ya\u015f\u0131ndaki Z.U.K., ge\u00e7ti\u011fimiz cuma g\u00fcn\u00fc yo\u011fun kan kayb\u0131 \u015fikayetiyle hastaneye gitti. Kad\u0131n\u0131n do\u011fum yapt\u0131\u011f\u0131n\u0131 anlayan sa\u011fl\u0131k g\u00f6revlileri, polise haber verdi. Kad\u0131n\u0131n ifadesini alan ekipler, daha sonra lojmana gitti. Kad\u0131n\u0131n&#8230;<\/p>\n","protected":false},"author":1,"featured_media":61170,"comment_status":"open","ping_status":"open","sticky":false,"template":"","format":"standard","meta":{"_crdt_document":"","footnotes":""},"categories":[5],"tags":[],"class_list":["post-61169","post","type-post","status-publish","format-standard","has-post-thumbnail","hentry","category-asayis"],"_links":{"self":[{"href":"https:\/\/www.egemtv.com\/index.php?rest_route=\/wp\/v2\/posts\/61169","targetHints":{"allow":["GET"]}}],"collection":[{"href":"https:\/\/www.egemtv.com\/index.php?rest_route=\/wp\/v2\/posts"}],"about":[{"href":"https:\/\/www.egemtv.com\/index.php?rest_route=\/wp\/v2\/types\/post"}],"author":[{"embeddable":true,"href":"https:\/\/www.egemtv.com\/index.php?rest_route=\/wp\/v2\/users\/1"}],"replies":[{"embeddable":true,"href":"https:\/\/www.egemtv.com\/index.php?rest_route=%2Fwp%2Fv2%2Fcomments&post=61169"}],"version-history":[{"count":1,"href":"https:\/\/www.egemtv.com\/index.php?rest_route=\/wp\/v2\/posts\/61169\/revisions"}],"predecessor-version":[{"id":61171,"href":"https:\/\/www.egemtv.com\/index.php?rest_route=\/wp\/v2\/posts\/61169\/revisions\/61171"}],"wp:featuredmedia":[{"embeddable":true,"href":"https:\/\/www.egemtv.com\/index.php?rest_route=\/wp\/v2\/media\/61170"}],"wp:attachment":[{"href":"https:\/\/www.egemtv.com\/index.php?rest_route=%2Fwp%2Fv2%2Fmedia&parent=61169"}],"wp:term":[{"taxonomy":"category","embeddable":true,"href":"https:\/\/www.egemtv.com\/index.php?rest_route=%2Fwp%2Fv2%2Fcategories&post=61169"},{"taxonomy":"post_tag","embeddable":true,"href":"https:\/\/www.egemtv.com\/index.php?rest_route=%2Fwp%2Fv2%2Ftags&post=61169"}],"curies":[{"name":"wp","href":"https:\/\/api.w.org\/{rel}","templated":true}]}}