{"id":61166,"date":"2025-10-13T21:55:44","date_gmt":"2025-10-13T18:55:44","guid":{"rendered":"https:\/\/www.egemtv.com\/?p=61166"},"modified":"2025-10-13T21:55:50","modified_gmt":"2025-10-13T18:55:50","slug":"izmir-buyuksehir-belediyesinin-yolsuzluk-davasinda-savci-mutaalasini-acikladi","status":"publish","type":"post","link":"https:\/\/www.egemtv.com\/?p=61166","title":{"rendered":"\u0130zmir B\u00fcy\u00fck\u015fehir Belediyesi\u2019nin yolsuzluk davas\u0131nda savc\u0131 m\u00fctaalas\u0131n\u0131 a\u00e7\u0131klad\u0131"},"content":{"rendered":"<p>\u0130zmir B\u00fcy\u00fck\u015fehir Belediyesi i\u015ftiraki \u0130ZBETON\u2019a y\u00f6nelik soru\u015fturmada kooperatiflerdeki usuls\u00fczl\u00fck iddialar\u0131 ile ilgili a\u00e7\u0131lan davan\u0131n 2\u2019inci duru\u015fmas\u0131nda savc\u0131 m\u00fctaalas\u0131n\u0131 a\u00e7\u0131klad\u0131. M\u00fctalaada, tutuklu bulunan 6 san\u0131ktan 5\u2019inin tutukluluk halinin devam\u0131, 1 san\u0131\u011f\u0131n ise tahliyesi talep edildi.<br \/>\n<br \/>\u0130zmir Cumhuriyet Ba\u015fsavc\u0131l\u0131\u011f\u0131 taraf\u0131ndan \u0130zmir B\u00fcy\u00fck\u015fehir Belediyesi (\u0130ZBB) i\u015ftiraklerinden \u0130ZBETON A\u015e\u2019de ta\u015feron \u015firketler arac\u0131l\u0131\u011f\u0131yla yolsuzluk yap\u0131ld\u0131\u011f\u0131 iddialar\u0131 \u00fczerine 1 Temmuz\u2019da geni\u015f \u00e7apl\u0131 bir soru\u015fturma ba\u015flat\u0131lm\u0131\u015ft\u0131. Say\u0131\u015ftay, m\u00fclkiye m\u00fcfetti\u015fi ve bilirki\u015fi raporlar\u0131na dayand\u0131r\u0131lan kapsaml\u0131 soru\u015fturma kapsam\u0131nda &#8220;ihaleye fesat kar\u0131\u015ft\u0131rma&#8221; ve &#8220;nitelikli doland\u0131r\u0131c\u0131l\u0131k&#8221; su\u00e7lamalar\u0131yla 157 ki\u015fi hakk\u0131nda g\u00f6zalt\u0131 karar\u0131 verilldi. Soru\u015fturma \u00e7er\u00e7evesinde g\u00f6zalt\u0131na al\u0131nanlar aras\u0131nda d\u00f6nemin \u0130zmir B\u00fcy\u00fck\u015fehir Belediye Ba\u015fkan\u0131 Tun\u00e7 Soyer ile Cumhuriyet Halk Partisi (CHP) \u0130zmir \u0130l Ba\u015fkan\u0131 \u015eenol Aslano\u011flu\u2019nun da bulundu\u011fu 139 \u015f\u00fcpheli yer ald\u0131. Emniyetteki i\u015flemlerinin ard\u0131ndan adliyeye sevk edilen \u015f\u00fcphelilerden Soyer ve Aslano\u011flu\u2019nun da aralar\u0131nda bulundu\u011fu 60 ki\u015fi \u00e7\u0131kar\u0131ld\u0131klar\u0131 mahkemece tutukland\u0131. 58 ki\u015fi adli kontrol \u015fart\u0131yla serbest b\u0131rak\u0131l\u0131rken, kalan \u015f\u00fcpheliler ise herhangi bir tedbir uygulanmadan serbest b\u0131rak\u0131ld\u0131.<\/p>\n<p>\u0130ddianame haz\u0131rland\u0131<br \/>\n<br \/>\u0130zmir\u2019in farkl\u0131 il\u00e7elerinde y\u00fcr\u00fct\u00fclen kentsel d\u00f6n\u00fc\u015f\u00fcm projelerine ili\u015fkin y\u00fcr\u00fct\u00fclen soru\u015fturma kapsam\u0131nda haz\u0131rlanan iddianame, \u0130zmir A\u011f\u0131r Ceza Mahkemesi\u2019ne sunuldu. \u0130ddianamede, \u00d6rnekk\u00f6y 3. ve 4. etap, Gaziemir-Aktepe-Emrez Mahallesi 1. etap ile Karaba\u011flar 3. ve 4. etapta kat kar\u015f\u0131l\u0131\u011f\u0131 in\u015faat i\u015flerinde usuls\u00fczl\u00fck yap\u0131ld\u0131\u011f\u0131 iddialar\u0131 yer ald\u0131. Soru\u015fturma kapsam\u0131nda 449 ma\u011fdur, 7 m\u00fc\u015fteki ile birlikte Hazine ve Maliye Bakanl\u0131\u011f\u0131, \u0130\u00e7i\u015fleri Bakanl\u0131\u011f\u0131, \u0130zmir B\u00fcy\u00fck\u015fehir Belediyesi ve \u0130ZBETON A\u015e\u2019nin de su\u00e7tan zarar g\u00f6renler aras\u0131nda oldu\u011fu belirtildi. Aralar\u0131nda eski \u0130zmir B\u00fcy\u00fck\u015fehir Belediye Ba\u015fkan\u0131 Tun\u00e7 Soyer ve CHP \u0130zmir \u0130l Ba\u015fkan\u0131 \u015eenol Aslano\u011flu\u2019nun da bulundu\u011fu 6\u2019s\u0131 tutuklu toplam 65 \u015f\u00fcpheli hakk\u0131nda her biri i\u00e7in 3 y\u0131ldan 45 y\u0131la kadar hapis cezas\u0131 talep edildi.<\/p>\n<p>5 tahliye<br \/>\n<br \/>Soyer, Kaya ve Aslano\u011flu\u2019nun aralar\u0131nda bulundu\u011fu 11 tutuklu 65 san\u0131k gecen ay \u0130zmir Adliyesi 23\u2019\u00fcnc\u00fc A\u011f\u0131r Ceza Mahkemesi\u2019nde yarg\u0131lanmaya ba\u015fland\u0131. Alia\u011fa Ceza \u0130nfaz Kurumlar\u0131 Kamp\u00fcs\u00fc\u2019nde g\u00f6r\u00fclen ve 3 g\u00fcn s\u00fcren duru\u015fman\u0131n ard\u0131ndan \u0130ZBETON Y\u00f6netim Kurulu \u00dcyesi Levent \u0130\u015fler, \u0130ZBETON Y\u00f6netim Kurulu \u00dcyesi Sevcan T\u0131naztepe, \u0130ZBETON Y\u00f6netim Kurulu \u00dcyesi Orhan Serta\u00e7 D\u00f6lek, \u0130ZBETON Y\u00f6netim Kurulu \u00dcyesi Mehmet G\u00fcrhan \u00d6zata ve eski \u0130ZBETON Genel M\u00fcd\u00fcr Yard\u0131mc\u0131s\u0131 Mehmet Alphan Bozan tahliye edildi. Eski \u0130zmir B\u00fcy\u00fck\u015fehir Belediye Ba\u015fkan\u0131 Tun\u00e7 Soyer, CHP \u0130zmir \u0130l Ba\u015fkan\u0131 \u015eenol Aslano\u011flu, SS \u0130\u015f D\u00fcnyas\u0131 Konut Yap\u0131 Kooperatifi Ba\u015fkan\u0131 Cihangir L\u00fcbi\u00e7, eski \u0130ZBETON Genel M\u00fcd\u00fcr Yard\u0131mc\u0131s\u0131 H\u00fcseyin \u015eim\u015fek, eski \u0130zmir B\u00fcy\u00fck\u015fehir Belediyesi Genel Sekreteri ve \u0130ZBETON Y\u00f6netim Kurulu Ba\u015fkanvekili Bar\u0131\u015f Karc\u0131 ve eski \u0130ZBETON Genel M\u00fcd\u00fcr\u00fc Heval Sava\u015f Kaya\u2019n\u0131n tutukluluk hallerinin devam\u0131na karar verilirken, savunmas\u0131 al\u0131nan t\u00fcm tutuksuz san\u0131klar\u0131n adli kontrol \u015fartlar\u0131 da kald\u0131r\u0131ld\u0131.<\/p>\n<p>\u0130ZBB\u2019den mahkemeye yaz\u0131<br \/>\n<br \/>Su\u00e7tan zarar g\u00f6renler listesinde bulunan \u0130zmir B\u00fcy\u00fck\u015fehir Belediyesi\u2019nden mahkemeye sunulan yaz\u0131da seyahat bedeli, konaklama ve organizasyon harcamalar\u0131ndaki usuls\u00fczl\u00fck iddialar\u0131 ile ilgili kamu zarar\u0131na rastlan\u0131lmad\u0131\u011f\u0131n\u0131 belirten yaz\u0131n\u0131n geldi\u011fi ve dosyaya kondu\u011fu belirtildi. Duru\u015fmaya tutuklu san\u0131klar eski \u0130zmir B\u00fcy\u00fck\u015fehir Belediye Ba\u015fkan\u0131 Tun\u00e7 Soyer, CHP \u0130zmir \u0130l Ba\u015fkan\u0131 \u015eenol Aslano\u011flu, SS \u0130\u015f D\u00fcnyas\u0131 Konut Yap\u0131 Kooperatifi Ba\u015fkan\u0131 Cihangir L\u00fcbi\u00e7, eski \u0130ZBETON Genel M\u00fcd\u00fcr Yard\u0131mc\u0131s\u0131 H\u00fcseyin \u015eim\u015fek, eski \u0130zmir B\u00fcy\u00fck\u015fehir Belediyesi Genel Sekreteri ve \u0130ZBETON Y\u00f6netim Kurulu Ba\u015fkanvekili Bar\u0131\u015f Karc\u0131 ve eski \u0130ZBETON Genel M\u00fcd\u00fcr\u00fc Heval Sava\u015f Kaya\u2019n\u0131n yan\u0131 s\u0131ra baz\u0131 tutuksuz san\u0131klar, m\u00fc\u015ftekiler, CHP \u0130zmir Milletvekili Murat Bakan, eski \u0130zmir B\u00fcy\u00fck\u015fehir Belediye Ba\u015fkan\u0131 Aziz Kocao\u011flu, san\u0131k yak\u0131nlar\u0131 ve partililer kat\u0131ld\u0131. Aralar\u0131nda \u015eenol Aslano\u011flu, Tun\u00e7 Soyer ve Heval Sava\u015f Kaya\u2019n\u0131n da bulundu\u011fu 6\u2019s\u0131 tutuklu 65 san\u0131kl\u0131 davada 2. duru\u015fma bug\u00fcn g\u00f6r\u00fcld\u00fc. Duru\u015fma, ifadesi al\u0131nmayan san\u0131klar\u0131n ifadeleriyle ba\u015flad\u0131. Mahkemede s\u00f6z alan Soyer, Aslano\u011flu ve Kaya, savunmalar\u0131n\u0131 m\u00fctalaan\u0131n sunulmas\u0131n\u0131n ard\u0131ndan yapacaklar\u0131n\u0131 beyan etti. Verilen 1 saatlik aran\u0131n ard\u0131ndan duru\u015fma, ma\u011fdur beyanlar\u0131n\u0131n al\u0131nmas\u0131yla s\u00fcrd\u00fc.<br \/>\n<br \/>Ma\u011fdurlardan Hediye Aksu, &#8220;\u015eu an 1 lira \u00f6deyecek durumum yok. Ben 815 bin TL \u00f6dedim. Genel Kurula kat\u0131ld\u0131k ancak herhangi bir \u015feye imza atmad\u0131m. Para istediklerini duyunca toplant\u0131y\u0131 terk ettim. Eskalasyon bedeli olarak 1 milyon \u00f6deme istediler. Ben 30 bin lira kiray\u0131 veremiyorum. Bar\u0131nmam\u0131 sa\u011flayacak bir gelirim yok. Ben isim olarak kimseyi tan\u0131m\u0131yorum. San\u0131klardan davac\u0131 ve \u015fikayet\u00e7iyim&#8221; dedi.<br \/>\n<br \/>Ma\u011fdurlardan Furkan Umur Zengin ise, &#8220;Kooperatif se\u00e7imleri \u00f6ncesinde benim numaram\u0131 bulan birileri, 6 ay \u00f6ncesinden beni arayarak kamuoyu olu\u015fturmaya \u00e7al\u0131\u015ft\u0131lar. \u2018Di\u011fer etaplarda yolsuzluk tespit edildi, d\u00f6rd\u00fcnc\u00fc etapta da oldu\u011funda dair bilgimiz yok ama \u015f\u00fcphelerimiz var. Bize oy verin, biz bu yolsuzluklar\u0131 ortaya \u00e7\u0131kartal\u0131m\u2019 denildi. Sebeplerini sordum, bilgi vermediler. Ben maddi olarak ma\u011fdurum ve can\u0131m yand\u0131 ama su\u00e7lular\u0131n \u015fu an san\u0131k sandalyesinde oturanlar oldu\u011funa emin de\u011filim. \u015eikayet\u00e7i ve davac\u0131 de\u011filim&#8221; diye konu\u015ftu.<\/p>\n<p>M\u00fctaala a\u00e7\u0131kland\u0131<br \/>\n<br \/>Ma\u011fdurlar\u0131n ifadelerinin ard\u0131ndan savc\u0131 m\u00fctaalas\u0131n\u0131 a\u00e7\u0131klad\u0131. Savc\u0131l\u0131k makam\u0131, Kentsel D\u00f6n\u00fc\u015f\u00fcm Daire Ba\u015fkan\u0131 Arzu \u00d6z\u00e7elik hakk\u0131nda zorla getirme karar\u0131 talep etti. M\u00fctalaada ma\u011fdurlar ve su\u00e7tan zarar g\u00f6ren m\u00fc\u015ftekilerin kat\u0131lma taleplerinin kabul\u00fc, adli kontrol\u00fcn kald\u0131r\u0131lmas\u0131 taleplerinin reddi ve bilirki\u015fi raporu, Dan\u0131\u015ftay ve Say\u0131\u015ftay raporlar\u0131 uyar\u0131nca san\u0131klar\u0131n sosyo ekonomik seviyeleri ve konumlar\u0131 itibar\u0131yla delilleri etkileme ihtimali, delillerin yeteri kadar toplanmam\u0131\u015f olmas\u0131, bilirki\u015fi raporu ile delillerin artma ihtimali itibar\u0131yla Bar\u0131\u015f Karc\u0131, Heval Sava\u015f Kaya, Tun\u00e7 Soyer, \u015eenol Aslano\u011flu, Cihangir L\u00fcbi\u00e7\u2019in tutukluluk hallerinin devam\u0131 ve H\u00fcseyin \u015eim\u015fek\u2019in tahliyesi ve adli kontrol\u00fc talep edildi.<br \/><\/p>\n","protected":false},"excerpt":{"rendered":"<p>\u0130zmir B\u00fcy\u00fck\u015fehir Belediyesi i\u015ftiraki \u0130ZBETON\u2019a y\u00f6nelik soru\u015fturmada kooperatiflerdeki usuls\u00fczl\u00fck iddialar\u0131 ile ilgili a\u00e7\u0131lan davan\u0131n 2\u2019inci duru\u015fmas\u0131nda savc\u0131 m\u00fctaalas\u0131n\u0131 a\u00e7\u0131klad\u0131. M\u00fctalaada, tutuklu bulunan 6 san\u0131ktan 5\u2019inin tutukluluk halinin devam\u0131, 1 san\u0131\u011f\u0131n ise tahliyesi talep edildi. \u0130zmir Cumhuriyet Ba\u015fsavc\u0131l\u0131\u011f\u0131 taraf\u0131ndan \u0130zmir B\u00fcy\u00fck\u015fehir Belediyesi (\u0130ZBB) i\u015ftiraklerinden \u0130ZBETON A\u015e\u2019de ta\u015feron \u015firketler arac\u0131l\u0131\u011f\u0131yla yolsuzluk yap\u0131ld\u0131\u011f\u0131 iddialar\u0131 \u00fczerine 1 Temmuz\u2019da geni\u015f&#8230;<\/p>\n","protected":false},"author":1,"featured_media":61167,"comment_status":"open","ping_status":"open","sticky":false,"template":"","format":"standard","meta":{"_crdt_document":"","footnotes":""},"categories":[5],"tags":[],"class_list":["post-61166","post","type-post","status-publish","format-standard","has-post-thumbnail","hentry","category-asayis"],"_links":{"self":[{"href":"https:\/\/www.egemtv.com\/index.php?rest_route=\/wp\/v2\/posts\/61166","targetHints":{"allow":["GET"]}}],"collection":[{"href":"https:\/\/www.egemtv.com\/index.php?rest_route=\/wp\/v2\/posts"}],"about":[{"href":"https:\/\/www.egemtv.com\/index.php?rest_route=\/wp\/v2\/types\/post"}],"author":[{"embeddable":true,"href":"https:\/\/www.egemtv.com\/index.php?rest_route=\/wp\/v2\/users\/1"}],"replies":[{"embeddable":true,"href":"https:\/\/www.egemtv.com\/index.php?rest_route=%2Fwp%2Fv2%2Fcomments&post=61166"}],"version-history":[{"count":1,"href":"https:\/\/www.egemtv.com\/index.php?rest_route=\/wp\/v2\/posts\/61166\/revisions"}],"predecessor-version":[{"id":61168,"href":"https:\/\/www.egemtv.com\/index.php?rest_route=\/wp\/v2\/posts\/61166\/revisions\/61168"}],"wp:featuredmedia":[{"embeddable":true,"href":"https:\/\/www.egemtv.com\/index.php?rest_route=\/wp\/v2\/media\/61167"}],"wp:attachment":[{"href":"https:\/\/www.egemtv.com\/index.php?rest_route=%2Fwp%2Fv2%2Fmedia&parent=61166"}],"wp:term":[{"taxonomy":"category","embeddable":true,"href":"https:\/\/www.egemtv.com\/index.php?rest_route=%2Fwp%2Fv2%2Fcategories&post=61166"},{"taxonomy":"post_tag","embeddable":true,"href":"https:\/\/www.egemtv.com\/index.php?rest_route=%2Fwp%2Fv2%2Ftags&post=61166"}],"curies":[{"name":"wp","href":"https:\/\/api.w.org\/{rel}","templated":true}]}}