{"id":60941,"date":"2025-10-12T17:16:02","date_gmt":"2025-10-12T14:16:02","guid":{"rendered":"https:\/\/www.egemtv.com\/?p=60941"},"modified":"2025-10-12T17:16:03","modified_gmt":"2025-10-12T14:16:03","slug":"aydinspor-sezona-galibiyet-ile-basladi","status":"publish","type":"post","link":"https:\/\/www.egemtv.com\/?p=60941","title":{"rendered":"Ayd\u0131nspor sezona galibiyet ile ba\u015flad\u0131"},"content":{"rendered":"<p>B\u00f6lgesel Amat\u00f6r Lig (BAL) 8. Grup\u2019ta sezonun ilk haftas\u0131, Ayd\u0131n derbisine sahne oldu. Yakla\u015f\u0131k \u00fc\u00e7 g\u00fcn \u00f6nce b\u00fcy\u00fck bir fedakarl\u0131kla kurulan ve hen\u00fcz y\u00f6netim kurulu dahi olu\u015fmayan Ayd\u0131nspor, taraftar\u0131n\u0131n deste\u011fiyle \u00e7\u0131kt\u0131\u011f\u0131 sahada Ku\u015fadas\u0131spor\u2019u 2-1 ma\u011flup ederek sezona 3 puanla ba\u015flad\u0131.<\/p>\n<p>Yeni bir yap\u0131lanma s\u00fcrecine giren Ayd\u0131nspor\u2019da hen\u00fcz resmi y\u00f6netim kurulunun olu\u015fmamas\u0131 nedeniyle protokol trib\u00fcn\u00fcnde ba\u015fkan koltu\u011fu bo\u015f kald\u0131. Ancak o koltukta Ayd\u0131nspor\u2019un simgesi olan siyah-beyaz atk\u0131 vard\u0131. Germencik \u0130l\u00e7e Stad\u0131\u2019nda oynanan m\u00fccadelede Ku\u015fadas\u0131spor 19. dakikada Serkan Yola\u2019n\u0131n gol\u00fcyle \u00f6ne ge\u00e7ti. Ancak Ayd\u0131nspor pes etmedi. 28. dakikada Onur Demirok\u2019un gol\u00fcyle skoru e\u015fitleyen siyah-beyazl\u0131lar, ikinci yar\u0131da \u00fcst\u00fcnl\u00fc\u011f\u00fc eline ald\u0131. 62. dakikada kazan\u0131lan penalt\u0131da Habib Uzun topu filelere g\u00f6ndererek tak\u0131m\u0131n\u0131 \u00f6ne ge\u00e7irdi ve m\u00fcsabaka bu 2-1 Ayd\u0131nspor \u00fcst\u00fcnl\u00fc\u011f\u00fc ile sona erdi.<\/p>\n<p>Maddi s\u0131k\u0131nt\u0131lar, tesis eksiklikleri, y\u00f6netim belirsizli\u011fi T\u00fcm bu zorluklara ra\u011fmen \u00fc\u00e7 g\u00fcn i\u00e7inde olu\u015fturulan kadro, taraftar\u0131n co\u015fkusuyla adeta k\u00fcllerinden do\u011farken, trib\u00fcnleri dolduran Ayd\u0131nspor sevdal\u0131lar\u0131 90 dakika boyunca tak\u0131mlar\u0131n\u0131 ayakta alk\u0131\u015flad\u0131.<br \/><\/p>\n","protected":false},"excerpt":{"rendered":"<p>B\u00f6lgesel Amat\u00f6r Lig (BAL) 8. Grup\u2019ta sezonun ilk haftas\u0131, Ayd\u0131n derbisine sahne oldu. Yakla\u015f\u0131k \u00fc\u00e7 g\u00fcn \u00f6nce b\u00fcy\u00fck bir fedakarl\u0131kla kurulan ve hen\u00fcz y\u00f6netim kurulu dahi olu\u015fmayan Ayd\u0131nspor, taraftar\u0131n\u0131n deste\u011fiyle \u00e7\u0131kt\u0131\u011f\u0131 sahada Ku\u015fadas\u0131spor\u2019u 2-1 ma\u011flup ederek sezona 3 puanla ba\u015flad\u0131. Yeni bir yap\u0131lanma s\u00fcrecine giren Ayd\u0131nspor\u2019da hen\u00fcz resmi y\u00f6netim kurulunun olu\u015fmamas\u0131 nedeniyle protokol trib\u00fcn\u00fcnde ba\u015fkan&#8230;<\/p>\n","protected":false},"author":1,"featured_media":60942,"comment_status":"open","ping_status":"open","sticky":false,"template":"","format":"standard","meta":{"_crdt_document":"","footnotes":""},"categories":[4],"tags":[],"class_list":["post-60941","post","type-post","status-publish","format-standard","has-post-thumbnail","hentry","category-spor"],"_links":{"self":[{"href":"https:\/\/www.egemtv.com\/index.php?rest_route=\/wp\/v2\/posts\/60941","targetHints":{"allow":["GET"]}}],"collection":[{"href":"https:\/\/www.egemtv.com\/index.php?rest_route=\/wp\/v2\/posts"}],"about":[{"href":"https:\/\/www.egemtv.com\/index.php?rest_route=\/wp\/v2\/types\/post"}],"author":[{"embeddable":true,"href":"https:\/\/www.egemtv.com\/index.php?rest_route=\/wp\/v2\/users\/1"}],"replies":[{"embeddable":true,"href":"https:\/\/www.egemtv.com\/index.php?rest_route=%2Fwp%2Fv2%2Fcomments&post=60941"}],"version-history":[{"count":1,"href":"https:\/\/www.egemtv.com\/index.php?rest_route=\/wp\/v2\/posts\/60941\/revisions"}],"predecessor-version":[{"id":60943,"href":"https:\/\/www.egemtv.com\/index.php?rest_route=\/wp\/v2\/posts\/60941\/revisions\/60943"}],"wp:featuredmedia":[{"embeddable":true,"href":"https:\/\/www.egemtv.com\/index.php?rest_route=\/wp\/v2\/media\/60942"}],"wp:attachment":[{"href":"https:\/\/www.egemtv.com\/index.php?rest_route=%2Fwp%2Fv2%2Fmedia&parent=60941"}],"wp:term":[{"taxonomy":"category","embeddable":true,"href":"https:\/\/www.egemtv.com\/index.php?rest_route=%2Fwp%2Fv2%2Fcategories&post=60941"},{"taxonomy":"post_tag","embeddable":true,"href":"https:\/\/www.egemtv.com\/index.php?rest_route=%2Fwp%2Fv2%2Ftags&post=60941"}],"curies":[{"name":"wp","href":"https:\/\/api.w.org\/{rel}","templated":true}]}}