{"id":60938,"date":"2025-10-12T17:16:01","date_gmt":"2025-10-12T14:16:01","guid":{"rendered":"https:\/\/www.egemtv.com\/?p=60938"},"modified":"2025-10-12T17:16:02","modified_gmt":"2025-10-12T14:16:02","slug":"chp-denizli-39-olagan-il-kongresi-tamamlandi","status":"publish","type":"post","link":"https:\/\/www.egemtv.com\/?p=60938","title":{"rendered":"CHP Denizli 39. Ola\u011fan \u0130l Kongresi tamamland\u0131"},"content":{"rendered":"<p>Cumhuriyet Halk Partisi (CHP) Denizli 39. Ola\u011fan \u0130l Kongresi tamamland\u0131.<\/p>\n<p>CHP Denizli 39. Ola\u011fan \u0130l Kongresi, Denizli B\u00fcy\u00fck\u015fehir Belediyesi Kongre ve K\u00fclt\u00fcr Merkezi\u2019nde ger\u00e7ekle\u015fti. Mevcut \u0130l Ba\u015fkan\u0131 Ali Osman Horzum\u2019un tek listeyle yar\u0131\u015ft\u0131\u011f\u0131 kongreye; CHP Meclis Grup Ba\u015fkanvekili Ali Mahir Ba\u015far\u0131r, Denizli B\u00fcy\u00fck\u015fehir Belediye Ba\u015fkan\u0131 B\u00fclent Nuri \u00c7avu\u015fo\u011flu, milletvekilleri, il\u00e7e ba\u015fkanlar\u0131, belediye ba\u015fkanlar\u0131, kongrede oy kullanacak 638 delege ve \u00e7ok say\u0131da partili kat\u0131ld\u0131.<\/p>\n<p>Kongrenin a\u00e7\u0131l\u0131\u015f konu\u015fmas\u0131n\u0131 yapan CHP Denizli \u0130l Ba\u015fkan\u0131 ve ba\u015fkan aday\u0131 Ali Osman Horzum, partinin tarihsel m\u00fccadelesine ve mevcut siyasi tabloya dikkat \u00e7ekti. Horzum, konu\u015fmas\u0131nda Gazi Mustafa Kemal Atat\u00fcrk\u2019\u00fcn \u00f6nderli\u011finde verilen ba\u011f\u0131ms\u0131zl\u0131k m\u00fccadelesine at\u0131f yaparak CHP\u2019nin bug\u00fcn de ayn\u0131 kararl\u0131l\u0131kla yoluna devam etti\u011fini vurgulayarak; &#8220;\u00dclkemiz, tarih boyunca zorlu s\u00fcre\u00e7lerden ge\u00e7mi\u015ftir. Gazi Mustafa Kemal Atat\u00fcrk ve yol arkada\u015flar\u0131n\u0131n \u00fclkeyi yeniden aya\u011fa kald\u0131rd\u0131\u011f\u0131 gibi, bug\u00fcn de Cumhuriyet Halk Partisi olarak ayn\u0131 azim ve kararl\u0131l\u0131kla yolumuza devam ediyoruz&#8221; dedi.<\/p>\n<p>Konu\u015fmalar\u0131n ard\u0131ndan faaliyet raporlar\u0131n\u0131n okundu. Yap\u0131lan se\u00e7imde Ali Osman Horzum yeniden ba\u015fkanl\u0131\u011fa se\u00e7ildi.<br \/><\/p>\n","protected":false},"excerpt":{"rendered":"<p>Cumhuriyet Halk Partisi (CHP) Denizli 39. Ola\u011fan \u0130l Kongresi tamamland\u0131. CHP Denizli 39. Ola\u011fan \u0130l Kongresi, Denizli B\u00fcy\u00fck\u015fehir Belediyesi Kongre ve K\u00fclt\u00fcr Merkezi\u2019nde ger\u00e7ekle\u015fti. Mevcut \u0130l Ba\u015fkan\u0131 Ali Osman Horzum\u2019un tek listeyle yar\u0131\u015ft\u0131\u011f\u0131 kongreye; CHP Meclis Grup Ba\u015fkanvekili Ali Mahir Ba\u015far\u0131r, Denizli B\u00fcy\u00fck\u015fehir Belediye Ba\u015fkan\u0131 B\u00fclent Nuri \u00c7avu\u015fo\u011flu, milletvekilleri, il\u00e7e ba\u015fkanlar\u0131, belediye ba\u015fkanlar\u0131, kongrede oy&#8230;<\/p>\n","protected":false},"author":1,"featured_media":60939,"comment_status":"open","ping_status":"open","sticky":false,"template":"","format":"standard","meta":{"_crdt_document":"","footnotes":""},"categories":[127],"tags":[],"class_list":["post-60938","post","type-post","status-publish","format-standard","has-post-thumbnail","hentry","category-siyaset"],"_links":{"self":[{"href":"https:\/\/www.egemtv.com\/index.php?rest_route=\/wp\/v2\/posts\/60938","targetHints":{"allow":["GET"]}}],"collection":[{"href":"https:\/\/www.egemtv.com\/index.php?rest_route=\/wp\/v2\/posts"}],"about":[{"href":"https:\/\/www.egemtv.com\/index.php?rest_route=\/wp\/v2\/types\/post"}],"author":[{"embeddable":true,"href":"https:\/\/www.egemtv.com\/index.php?rest_route=\/wp\/v2\/users\/1"}],"replies":[{"embeddable":true,"href":"https:\/\/www.egemtv.com\/index.php?rest_route=%2Fwp%2Fv2%2Fcomments&post=60938"}],"version-history":[{"count":1,"href":"https:\/\/www.egemtv.com\/index.php?rest_route=\/wp\/v2\/posts\/60938\/revisions"}],"predecessor-version":[{"id":60940,"href":"https:\/\/www.egemtv.com\/index.php?rest_route=\/wp\/v2\/posts\/60938\/revisions\/60940"}],"wp:featuredmedia":[{"embeddable":true,"href":"https:\/\/www.egemtv.com\/index.php?rest_route=\/wp\/v2\/media\/60939"}],"wp:attachment":[{"href":"https:\/\/www.egemtv.com\/index.php?rest_route=%2Fwp%2Fv2%2Fmedia&parent=60938"}],"wp:term":[{"taxonomy":"category","embeddable":true,"href":"https:\/\/www.egemtv.com\/index.php?rest_route=%2Fwp%2Fv2%2Fcategories&post=60938"},{"taxonomy":"post_tag","embeddable":true,"href":"https:\/\/www.egemtv.com\/index.php?rest_route=%2Fwp%2Fv2%2Ftags&post=60938"}],"curies":[{"name":"wp","href":"https:\/\/api.w.org\/{rel}","templated":true}]}}