{"id":60935,"date":"2025-10-12T16:55:10","date_gmt":"2025-10-12T13:55:10","guid":{"rendered":"https:\/\/www.egemtv.com\/?p=60935"},"modified":"2025-10-12T16:55:11","modified_gmt":"2025-10-12T13:55:11","slug":"burdurda-kuyuya-dusen-vatandas-ekipler-tarafindan-kurtarildi","status":"publish","type":"post","link":"https:\/\/www.egemtv.com\/?p=60935","title":{"rendered":"Burdur\u2019da kuyuya d\u00fc\u015fen vatanda\u015f ekipler taraf\u0131ndan kurtar\u0131ld\u0131"},"content":{"rendered":"<p>Burdur\u2019un Bucak il\u00e7esinde vatanda\u015f itfaiye ekipleri taraf\u0131ndan kurtar\u0131ld\u0131.<br \/>\n<br \/>Olay, \u00f6\u011fle saatlerinde Burdur\u2019un Bucak il\u00e7esi Ku\u015fbaba K\u00f6y\u00fcnde meydana geldi. Edinilen bilgilere g\u00f6re, A.D. (62) hen\u00fcz bir nedenle k\u00f6yde arazide bulunan kuyuya d\u00fc\u015ft\u00fc. Olay sonras\u0131nda Acil \u00c7a\u011fr\u0131 Merkezine yap\u0131lan ihbarla b\u00f6lgeye itfaiye, sa\u011fl\u0131k ve jandarma ekipleri sevk edildi. Kuyuya d\u00fc\u015fen vatanda\u015f, itfaiye ekiplerinin m\u00fcdahalesiyle kuyudan \u00e7\u0131kar\u0131ld\u0131. Sa\u011fl\u0131k ekiplerince yap\u0131lan ilk m\u00fcdahalenin ard\u0131ndan ambulans ile Bucak Devlet Hastanesi\u2019ne kald\u0131r\u0131larak tedavi alt\u0131na al\u0131nd\u0131.<br \/><\/p>\n","protected":false},"excerpt":{"rendered":"<p>Burdur\u2019un Bucak il\u00e7esinde vatanda\u015f itfaiye ekipleri taraf\u0131ndan kurtar\u0131ld\u0131. Olay, \u00f6\u011fle saatlerinde Burdur\u2019un Bucak il\u00e7esi Ku\u015fbaba K\u00f6y\u00fcnde meydana geldi. Edinilen bilgilere g\u00f6re, A.D. (62) hen\u00fcz bir nedenle k\u00f6yde arazide bulunan kuyuya d\u00fc\u015ft\u00fc. Olay sonras\u0131nda Acil \u00c7a\u011fr\u0131 Merkezine yap\u0131lan ihbarla b\u00f6lgeye itfaiye, sa\u011fl\u0131k ve jandarma ekipleri sevk edildi. Kuyuya d\u00fc\u015fen vatanda\u015f, itfaiye ekiplerinin m\u00fcdahalesiyle kuyudan \u00e7\u0131kar\u0131ld\u0131. Sa\u011fl\u0131k&#8230;<\/p>\n","protected":false},"author":1,"featured_media":60936,"comment_status":"open","ping_status":"open","sticky":false,"template":"","format":"standard","meta":{"_crdt_document":"","footnotes":""},"categories":[5],"tags":[],"class_list":["post-60935","post","type-post","status-publish","format-standard","has-post-thumbnail","hentry","category-asayis"],"_links":{"self":[{"href":"https:\/\/www.egemtv.com\/index.php?rest_route=\/wp\/v2\/posts\/60935","targetHints":{"allow":["GET"]}}],"collection":[{"href":"https:\/\/www.egemtv.com\/index.php?rest_route=\/wp\/v2\/posts"}],"about":[{"href":"https:\/\/www.egemtv.com\/index.php?rest_route=\/wp\/v2\/types\/post"}],"author":[{"embeddable":true,"href":"https:\/\/www.egemtv.com\/index.php?rest_route=\/wp\/v2\/users\/1"}],"replies":[{"embeddable":true,"href":"https:\/\/www.egemtv.com\/index.php?rest_route=%2Fwp%2Fv2%2Fcomments&post=60935"}],"version-history":[{"count":1,"href":"https:\/\/www.egemtv.com\/index.php?rest_route=\/wp\/v2\/posts\/60935\/revisions"}],"predecessor-version":[{"id":60937,"href":"https:\/\/www.egemtv.com\/index.php?rest_route=\/wp\/v2\/posts\/60935\/revisions\/60937"}],"wp:featuredmedia":[{"embeddable":true,"href":"https:\/\/www.egemtv.com\/index.php?rest_route=\/wp\/v2\/media\/60936"}],"wp:attachment":[{"href":"https:\/\/www.egemtv.com\/index.php?rest_route=%2Fwp%2Fv2%2Fmedia&parent=60935"}],"wp:term":[{"taxonomy":"category","embeddable":true,"href":"https:\/\/www.egemtv.com\/index.php?rest_route=%2Fwp%2Fv2%2Fcategories&post=60935"},{"taxonomy":"post_tag","embeddable":true,"href":"https:\/\/www.egemtv.com\/index.php?rest_route=%2Fwp%2Fv2%2Ftags&post=60935"}],"curies":[{"name":"wp","href":"https:\/\/api.w.org\/{rel}","templated":true}]}}