{"id":60929,"date":"2025-10-12T16:15:02","date_gmt":"2025-10-12T13:15:02","guid":{"rendered":"https:\/\/www.egemtv.com\/?p=60929"},"modified":"2025-10-12T16:15:03","modified_gmt":"2025-10-12T13:15:03","slug":"jandarmaya-yeni-atis-okulu-orgeneral-cardakcidan-boran-vii-finalinde-anlamli-acilis","status":"publish","type":"post","link":"https:\/\/www.egemtv.com\/?p=60929","title":{"rendered":"Jandarma\u2019ya yeni at\u0131\u015f okulu: Orgeneral \u00c7ardakc\u0131\u2019dan Boran VII Finali\u2019nde anlaml\u0131 a\u00e7\u0131l\u0131\u015f"},"content":{"rendered":"<p>Jandarma Genel Komutan\u0131 Orgeneral Ali \u00c7ardakc\u0131, \u0130zmir Fo\u00e7a\u2019da d\u00fczenlenen 7\u2019nci Uluslararas\u0131 Keskin Ni\u015fanc\u0131 Yar\u0131\u015fmas\u0131\u2019n\u0131n son g\u00fcn\u00fcnde, Jandarma Komando At\u0131\u015f Okulu Komutanl\u0131\u011f\u0131\u2019n\u0131n a\u00e7\u0131l\u0131\u015f\u0131n\u0131 ger\u00e7ekle\u015ftirdi. &#8220;At\u0131\u015f Okulu, te\u015fkilat\u0131m\u0131za b\u00fcy\u00fck bir yetenek kazand\u0131racak&#8221; diyen Orgeneral \u00c7ardakc\u0131, a\u00e7\u0131l\u0131\u015f\u0131n ard\u0131ndan yar\u0131\u015fma alan\u0131n\u0131 gezerek milli silahlar\u0131 inceledi ve tabancayla at\u0131\u015f yapt\u0131.<br \/>\n<br \/>Uluslararas\u0131 arenada b\u00fcy\u00fck ilgiyle takip edilen BORAN VII Keskin Ni\u015fanc\u0131 Yar\u0131\u015fmas\u0131\u2019n\u0131n m\u00fcsabaka etaplar\u0131 sona ererken, organizasyon Jandarma Genel Komutanl\u0131\u011f\u0131 i\u00e7in tarihi bir a\u00e7\u0131l\u0131\u015fa da sahne oldu. Jandarma Genel Komutan\u0131 Orgeneral Ali \u00c7ardakc\u0131, yar\u0131\u015fma finali i\u00e7in geldi\u011fi Fo\u00e7a\u2019da, Fo\u00e7a Jandarma Komando E\u011fitim Komutanl\u0131\u011f\u0131 b\u00fcnyesinde kurulan Jandarma Komando At\u0131\u015f Okulu Komutanl\u0131\u011f\u0131\u2019n\u0131n resmi a\u00e7\u0131l\u0131\u015f\u0131n\u0131 yapt\u0131.<br \/>\n<br \/>A\u00e7\u0131l\u0131\u015f t\u00f6reninde konu\u015fan Orgeneral \u00c7ardakc\u0131, okulun jandarma te\u015fkilat\u0131 i\u00e7in \u00f6nemini vurgulad\u0131. Orgeneral \u00c7ardakc\u0131, &#8220;Planlanmas\u0131ndan in\u015faas\u0131na kadar eme\u011fi ge\u00e7en t\u00fcm arkada\u015flar\u0131ma te\u015fekk\u00fcr ediyorum. At\u0131\u015f Okulu, Jandarma Genel Komutanl\u0131\u011f\u0131\u2019na b\u00fcy\u00fck bir yetenek kazand\u0131racak bir okuldur. Bizim gibi te\u015fkilatlarda at\u0131\u015f\u0131n ne kadar \u00e7ok \u00f6nemli oldu\u011fu biliniyor. Bunun bilinci i\u00e7erisindeyiz. Hay\u0131rl\u0131 ve u\u011furlu olsun&#8221; ifadelerini kulland\u0131.<br \/>\n<br \/>A\u00e7\u0131l\u0131\u015f\u0131n ard\u0131ndan Orgeneral \u00c7ardakc\u0131, BORAN VII yar\u0131\u015fma alan\u0131nda incelemelerde bulundu. \u0130lk olarak organizasyon i\u00e7erisindeki yerli ve milli savunma sanayii firmalar\u0131n\u0131n stantlar\u0131n\u0131 gezen \u00c7ardakc\u0131, en yeni silah sistemleri ve teknolojiler hakk\u0131nda yetkililerden detayl\u0131 bilgi ald\u0131. Daha sonra at\u0131\u015f alanlar\u0131na ge\u00e7en Orgeneral \u00c7ardakc\u0131, keskin ni\u015fanc\u0131 unsurlar\u0131n\u0131n son g\u00f6steri at\u0131\u015flar\u0131n\u0131 izledi ve organizasyon hakk\u0131nda brifing ald\u0131. Ziyaretinin sonunda kendisi de tabanca ile deneme at\u0131\u015flar\u0131 yapt\u0131.<br \/>\n<br \/>Zorlu etaplar\u0131n tamamlanmas\u0131yla BORAN VII Keskin Ni\u015fanc\u0131 Yar\u0131\u015fmas\u0131\u2019nda m\u00fcsabakalar sona erdi. Yar\u0131\u015fmada dereceye giren unsurlar, d\u00fczenlenecek olan \u00f6d\u00fcl t\u00f6reniyle belli olacak.<br \/><\/p>\n","protected":false},"excerpt":{"rendered":"<p>Jandarma Genel Komutan\u0131 Orgeneral Ali \u00c7ardakc\u0131, \u0130zmir Fo\u00e7a\u2019da d\u00fczenlenen 7\u2019nci Uluslararas\u0131 Keskin Ni\u015fanc\u0131 Yar\u0131\u015fmas\u0131\u2019n\u0131n son g\u00fcn\u00fcnde, Jandarma Komando At\u0131\u015f Okulu Komutanl\u0131\u011f\u0131\u2019n\u0131n a\u00e7\u0131l\u0131\u015f\u0131n\u0131 ger\u00e7ekle\u015ftirdi. &#8220;At\u0131\u015f Okulu, te\u015fkilat\u0131m\u0131za b\u00fcy\u00fck bir yetenek kazand\u0131racak&#8221; diyen Orgeneral \u00c7ardakc\u0131, a\u00e7\u0131l\u0131\u015f\u0131n ard\u0131ndan yar\u0131\u015fma alan\u0131n\u0131 gezerek milli silahlar\u0131 inceledi ve tabancayla at\u0131\u015f yapt\u0131. Uluslararas\u0131 arenada b\u00fcy\u00fck ilgiyle takip edilen BORAN VII Keskin Ni\u015fanc\u0131&#8230;<\/p>\n","protected":false},"author":1,"featured_media":60930,"comment_status":"open","ping_status":"open","sticky":false,"template":"","format":"standard","meta":{"_crdt_document":"","footnotes":""},"categories":[124],"tags":[],"class_list":["post-60929","post","type-post","status-publish","format-standard","has-post-thumbnail","hentry","category-bilim"],"_links":{"self":[{"href":"https:\/\/www.egemtv.com\/index.php?rest_route=\/wp\/v2\/posts\/60929","targetHints":{"allow":["GET"]}}],"collection":[{"href":"https:\/\/www.egemtv.com\/index.php?rest_route=\/wp\/v2\/posts"}],"about":[{"href":"https:\/\/www.egemtv.com\/index.php?rest_route=\/wp\/v2\/types\/post"}],"author":[{"embeddable":true,"href":"https:\/\/www.egemtv.com\/index.php?rest_route=\/wp\/v2\/users\/1"}],"replies":[{"embeddable":true,"href":"https:\/\/www.egemtv.com\/index.php?rest_route=%2Fwp%2Fv2%2Fcomments&post=60929"}],"version-history":[{"count":1,"href":"https:\/\/www.egemtv.com\/index.php?rest_route=\/wp\/v2\/posts\/60929\/revisions"}],"predecessor-version":[{"id":60931,"href":"https:\/\/www.egemtv.com\/index.php?rest_route=\/wp\/v2\/posts\/60929\/revisions\/60931"}],"wp:featuredmedia":[{"embeddable":true,"href":"https:\/\/www.egemtv.com\/index.php?rest_route=\/wp\/v2\/media\/60930"}],"wp:attachment":[{"href":"https:\/\/www.egemtv.com\/index.php?rest_route=%2Fwp%2Fv2%2Fmedia&parent=60929"}],"wp:term":[{"taxonomy":"category","embeddable":true,"href":"https:\/\/www.egemtv.com\/index.php?rest_route=%2Fwp%2Fv2%2Fcategories&post=60929"},{"taxonomy":"post_tag","embeddable":true,"href":"https:\/\/www.egemtv.com\/index.php?rest_route=%2Fwp%2Fv2%2Ftags&post=60929"}],"curies":[{"name":"wp","href":"https:\/\/api.w.org\/{rel}","templated":true}]}}