{"id":60926,"date":"2025-10-12T15:15:15","date_gmt":"2025-10-12T12:15:15","guid":{"rendered":"https:\/\/www.egemtv.com\/?p=60926"},"modified":"2025-10-12T15:15:16","modified_gmt":"2025-10-12T12:15:16","slug":"ak-partili-baybatur-saruhanlida-belen-yolu-ve-yeni-hastane-hakkinda-konustu","status":"publish","type":"post","link":"https:\/\/www.egemtv.com\/?p=60926","title":{"rendered":"AK Parti\u2019li Baybatur Saruhanl\u0131\u2019da Belen yolu ve yeni hastane hakk\u0131nda konu\u015ftu"},"content":{"rendered":"<p>AK Parti Manisa Milletvekili Murat Baybatur, Saruhanl\u0131 il\u00e7esinde bir dizi ziyaret ve incelemelerde bulundu.<br \/>\n<br \/>Ziyaretine Saruhanl\u0131 Belediyesi\u2019nden ba\u015flayan Baybatur, Belediye Ba\u015fkan\u0131 Ekrem C\u0131ll\u0131 ve belediye \u00e7al\u0131\u015fanlar\u0131na kolayl\u0131klar diledi. Ba\u015fkan C\u0131ll\u0131\u2019dan belediyenin y\u00fcr\u00fctt\u00fc\u011f\u00fc \u00e7al\u0131\u015fmalar hakk\u0131nda bilgi ald\u0131. Baybatur daha sonra AK Parti Saruhanl\u0131 \u0130l\u00e7e Ba\u015fkan\u0131 \u015eerif Ero\u011flu ve Belediye Ba\u015fkan\u0131 Ekrem C\u0131ll\u0131 ile birlikte il\u00e7edeki esnaflar\u0131 ziyaret etti. Vatanda\u015flarla sohbet eden Baybatur, talep ve \u00f6nerileri dinledi. Program\u0131 kapsam\u0131nda yap\u0131m\u0131 tamamlanan H\u00fck\u00fcmet Kona\u011f\u0131 ve \u0130l\u00e7e Jandarma Komutanl\u0131\u011f\u0131n\u0131 da ziyaret eden Baybatur, \u0130l\u00e7e Kaymakam\u0131 Murat Acar\u2019dan bilgi ald\u0131. \u0130l\u00e7e Jandarma Komutanl\u0131\u011f\u0131na atanan \u00dcste\u011fmen S\u00fcleyman Tanr\u0131kulu\u2019na hay\u0131rl\u0131 olsun dileklerini iletti.<br \/>\n<br \/>Hac\u0131rahmanl\u0131 Mahallesi\u2019nde yap\u0131m\u0131 devam eden TOK\u0130 konutlar\u0131nda da incelemelerde bulunan Baybatur, burada mahalle sakinleriyle \u00e7ay i\u00e7ip sohbet etti. Vatanda\u015flar\u0131n taleplerini dinleyen Baybatur, projelerin k\u0131sa s\u00fcrede tamamlanarak hak sahiplerine teslim edilece\u011fini ifade etti. Ziyaretin ard\u0131ndan Saruhanl\u0131 Belediyesinin lansman program\u0131na kat\u0131lan Baybatur, burada yapt\u0131\u011f\u0131 konu\u015fmada Ula\u015ft\u0131rma ve Altyap\u0131 Bakan\u0131 Abdulkadir Uralo\u011flu ile telefon g\u00f6r\u00fc\u015fmesi ger\u00e7ekle\u015ftirerek \u00f6nemli bir m\u00fcjde verdi. Baybatur, Saruhanl\u0131\u2013Belen yolunun k\u0131sa s\u00fcre i\u00e7inde ihaleye \u00e7\u0131kaca\u011f\u0131n\u0131 ve \u00e7al\u0131\u015fmalar\u0131n en k\u0131sa zamanda ba\u015flayaca\u011f\u0131n\u0131 duyurdu. Baybatur ayr\u0131ca, Saruhanl\u0131\u2019ya yap\u0131lacak 50 yatakl\u0131 yeni devlet hastanesinin yat\u0131r\u0131m program\u0131na al\u0131nd\u0131\u011f\u0131n\u0131, projenin 900 milyon lira bedelle hayata ge\u00e7irilece\u011fini a\u00e7\u0131klad\u0131.<br \/>\n<br \/>AK Parti Manisa Milletvekili Murat Baybatur, burada yapt\u0131\u011f\u0131 a\u00e7\u0131klamada, Saruhanl\u0131-Belen yolunun ihalesinin k\u0131sa s\u00fcrede yap\u0131larak, \u00e7al\u0131\u015fmalar\u0131na ba\u015flanaca\u011f\u0131n\u0131 s\u00f6yledi.<br \/>\n<br \/>Saruhanl\u0131\u2019ya 900 milyonluk 50 yatakl\u0131 devlet hastanesinin k\u0131sa s\u00fcrede yap\u0131larak hizmete a\u00e7\u0131laca\u011f\u0131n\u0131 belirten Baybatur, \u015f\u00f6yle konu\u015ftu:&#8221;Saruhanl\u0131 ziyaretimizde \u00e7ok g\u00fczel bir tabloya \u015fahit olduk. Hem belediyemizin y\u00fcr\u00fctt\u00fc\u011f\u00fc hizmetleri yerinde inceledik hem de vatanda\u015flar\u0131m\u0131z\u0131n taleplerini dinledik. Ula\u015ft\u0131rma ve Altyap\u0131 Bakan\u0131m\u0131z Abdulkadir Uralo\u011flu ile yapt\u0131\u011f\u0131m\u0131z g\u00f6r\u00fc\u015fmede, Saruhanl\u0131\u2013Belen yolunun ihalesinin k\u0131sa s\u00fcre i\u00e7inde ger\u00e7ekle\u015ftirilece\u011fi m\u00fcjdesini vatanda\u015flar\u0131m\u0131zla payla\u015ft\u0131k. Bunun yan\u0131 s\u0131ra il\u00e7emize kazand\u0131r\u0131lacak 50 yatakl\u0131 yeni devlet hastanemiz 900 milyon liral\u0131k \u00f6nemli bir yat\u0131r\u0131mla hayata ge\u00e7irilecek. Saruhanl\u0131 Belediyemiz il\u00e7emizde g\u00fczel ve \u00f6rnek \u00e7al\u0131\u015fmalara imza at\u0131yor. AK Parti olarak biz, Cumhurba\u015fkan\u0131m\u0131z Recep Tayyip Erdo\u011fan\u2019\u0131n liderli\u011finde, hizmet siyaseti anlay\u0131\u015f\u0131yla milletimizin refah\u0131 ve huzuru i\u00e7in gece g\u00fcnd\u00fcz \u00e7al\u0131\u015fmaya devam ediyoruz&#8221;<br \/><\/p>\n","protected":false},"excerpt":{"rendered":"<p>AK Parti Manisa Milletvekili Murat Baybatur, Saruhanl\u0131 il\u00e7esinde bir dizi ziyaret ve incelemelerde bulundu. Ziyaretine Saruhanl\u0131 Belediyesi\u2019nden ba\u015flayan Baybatur, Belediye Ba\u015fkan\u0131 Ekrem C\u0131ll\u0131 ve belediye \u00e7al\u0131\u015fanlar\u0131na kolayl\u0131klar diledi. Ba\u015fkan C\u0131ll\u0131\u2019dan belediyenin y\u00fcr\u00fctt\u00fc\u011f\u00fc \u00e7al\u0131\u015fmalar hakk\u0131nda bilgi ald\u0131. Baybatur daha sonra AK Parti Saruhanl\u0131 \u0130l\u00e7e Ba\u015fkan\u0131 \u015eerif Ero\u011flu ve Belediye Ba\u015fkan\u0131 Ekrem C\u0131ll\u0131 ile birlikte il\u00e7edeki esnaflar\u0131&#8230;<\/p>\n","protected":false},"author":1,"featured_media":60927,"comment_status":"open","ping_status":"open","sticky":false,"template":"","format":"standard","meta":{"_crdt_document":"","footnotes":""},"categories":[127],"tags":[],"class_list":["post-60926","post","type-post","status-publish","format-standard","has-post-thumbnail","hentry","category-siyaset"],"_links":{"self":[{"href":"https:\/\/www.egemtv.com\/index.php?rest_route=\/wp\/v2\/posts\/60926","targetHints":{"allow":["GET"]}}],"collection":[{"href":"https:\/\/www.egemtv.com\/index.php?rest_route=\/wp\/v2\/posts"}],"about":[{"href":"https:\/\/www.egemtv.com\/index.php?rest_route=\/wp\/v2\/types\/post"}],"author":[{"embeddable":true,"href":"https:\/\/www.egemtv.com\/index.php?rest_route=\/wp\/v2\/users\/1"}],"replies":[{"embeddable":true,"href":"https:\/\/www.egemtv.com\/index.php?rest_route=%2Fwp%2Fv2%2Fcomments&post=60926"}],"version-history":[{"count":1,"href":"https:\/\/www.egemtv.com\/index.php?rest_route=\/wp\/v2\/posts\/60926\/revisions"}],"predecessor-version":[{"id":60928,"href":"https:\/\/www.egemtv.com\/index.php?rest_route=\/wp\/v2\/posts\/60926\/revisions\/60928"}],"wp:featuredmedia":[{"embeddable":true,"href":"https:\/\/www.egemtv.com\/index.php?rest_route=\/wp\/v2\/media\/60927"}],"wp:attachment":[{"href":"https:\/\/www.egemtv.com\/index.php?rest_route=%2Fwp%2Fv2%2Fmedia&parent=60926"}],"wp:term":[{"taxonomy":"category","embeddable":true,"href":"https:\/\/www.egemtv.com\/index.php?rest_route=%2Fwp%2Fv2%2Fcategories&post=60926"},{"taxonomy":"post_tag","embeddable":true,"href":"https:\/\/www.egemtv.com\/index.php?rest_route=%2Fwp%2Fv2%2Ftags&post=60926"}],"curies":[{"name":"wp","href":"https:\/\/api.w.org\/{rel}","templated":true}]}}