{"id":60920,"date":"2025-10-12T15:15:12","date_gmt":"2025-10-12T12:15:12","guid":{"rendered":"https:\/\/www.egemtv.com\/?p=60920"},"modified":"2025-10-12T15:15:13","modified_gmt":"2025-10-12T12:15:13","slug":"fethiyede-acik-su-yuzme-yarisi-gereklestirildi","status":"publish","type":"post","link":"https:\/\/www.egemtv.com\/?p=60920","title":{"rendered":"Fethiye\u2019de A\u00e7\u0131k Su Y\u00fczme Yar\u0131\u015f\u0131 gerekle\u015ftirildi"},"content":{"rendered":"<p>Mu\u011fla\u2019n\u0131n Fethiye il\u00e7esinde d\u00fczenlenen 6. Uluslararas\u0131 Spor Festivali, a\u00e7\u0131k su y\u00fczme yar\u0131\u015flar\u0131nda sporcular Kelebekler Vadisi\u2019nden Belcek\u0131z Plaj\u0131\u2019na 6 bin metre kula\u00e7 att\u0131.<br \/>\n<br \/>Fethiye\u2019de 6. Uluslararas\u0131 Fethiye Spor Festivali kapsam\u0131nda Kelebekler Vadisi-\u00d6l\u00fcdeniz A\u00e7\u0131k Su Y\u00fczme Yar\u0131\u015f\u0131 ger\u00e7ekle\u015ftirildi. Kelebekler Vadisi sahilinde yar\u0131\u015f\u0131n start\u0131n\u0131 Fethiye Kaymakam\u0131 Fatih Akkaya, Fethiye Ticaret ve Sanayi Odas\u0131 Ba\u015fkan\u0131 Osman \u00c7\u0131ral\u0131, Gen\u00e7lik ve Spor M\u00fcd\u00fcr\u00fc Harun Re\u015fit Yi\u011fit, Fethiye Turizm B\u00fcro Sorumlusu Saffet D\u00fcndar ile protokol \u00fcyeleri verdi. Fethiye Gen\u00e7lik ve Spor M\u00fcd\u00fcrl\u00fc\u011f\u00fc taraf\u0131ndan d\u00fczenlenen festivalin ikinci haftas\u0131nda ger\u00e7ekle\u015ftirilen yar\u0131\u015fa 493 sporcu kat\u0131ld\u0131.<br \/>\n<br \/>Sporcular, 6 bin metrelik parkurda \u00d6l\u00fcdeniz sahiline kula\u00e7 att\u0131lar. K\u0131yas\u0131ya bir m\u00fccadele g\u00f6steren sporcular, heyecan dolu anlar ya\u015fatt\u0131. Uluslararas\u0131 Sporfest \u00d6l\u00fcdeniz Open Water yar\u0131\u015f\u0131nda genel klasman kad\u0131nlarda Nilay Ulugergerli, erkeklerde ise Rusya\u2019dan Mark Shrom birinci oldu.<br \/>\n<br \/>Erkekler birincisi Mark Shrom, &#8220;Hava so\u011fuk ve r\u00fczgarl\u0131yd\u0131. G\u00fcne\u015f \u00e7\u0131k\u0131nca biraz \u0131s\u0131nd\u0131. \u0130lk 1-2 k aras\u0131 dalga yoktu ama sonra dalga ba\u015flad\u0131. \u00c7ok keyfiydi. Y\u00fczerek bu manzaray\u0131 izlemek \u00e7ok g\u00fczel. Kelebekler Vadisi\u2019nden y\u00fczmek ger\u00e7ekten m\u00fckemmel. Herkese tavsiye ediyorum&#8221; dedi.<br \/><\/p>\n","protected":false},"excerpt":{"rendered":"<p>Mu\u011fla\u2019n\u0131n Fethiye il\u00e7esinde d\u00fczenlenen 6. Uluslararas\u0131 Spor Festivali, a\u00e7\u0131k su y\u00fczme yar\u0131\u015flar\u0131nda sporcular Kelebekler Vadisi\u2019nden Belcek\u0131z Plaj\u0131\u2019na 6 bin metre kula\u00e7 att\u0131. Fethiye\u2019de 6. Uluslararas\u0131 Fethiye Spor Festivali kapsam\u0131nda Kelebekler Vadisi-\u00d6l\u00fcdeniz A\u00e7\u0131k Su Y\u00fczme Yar\u0131\u015f\u0131 ger\u00e7ekle\u015ftirildi. Kelebekler Vadisi sahilinde yar\u0131\u015f\u0131n start\u0131n\u0131 Fethiye Kaymakam\u0131 Fatih Akkaya, Fethiye Ticaret ve Sanayi Odas\u0131 Ba\u015fkan\u0131 Osman \u00c7\u0131ral\u0131, Gen\u00e7lik ve&#8230;<\/p>\n","protected":false},"author":1,"featured_media":60921,"comment_status":"open","ping_status":"open","sticky":false,"template":"","format":"standard","meta":{"_crdt_document":"","footnotes":""},"categories":[4],"tags":[],"class_list":["post-60920","post","type-post","status-publish","format-standard","has-post-thumbnail","hentry","category-spor"],"_links":{"self":[{"href":"https:\/\/www.egemtv.com\/index.php?rest_route=\/wp\/v2\/posts\/60920","targetHints":{"allow":["GET"]}}],"collection":[{"href":"https:\/\/www.egemtv.com\/index.php?rest_route=\/wp\/v2\/posts"}],"about":[{"href":"https:\/\/www.egemtv.com\/index.php?rest_route=\/wp\/v2\/types\/post"}],"author":[{"embeddable":true,"href":"https:\/\/www.egemtv.com\/index.php?rest_route=\/wp\/v2\/users\/1"}],"replies":[{"embeddable":true,"href":"https:\/\/www.egemtv.com\/index.php?rest_route=%2Fwp%2Fv2%2Fcomments&post=60920"}],"version-history":[{"count":1,"href":"https:\/\/www.egemtv.com\/index.php?rest_route=\/wp\/v2\/posts\/60920\/revisions"}],"predecessor-version":[{"id":60922,"href":"https:\/\/www.egemtv.com\/index.php?rest_route=\/wp\/v2\/posts\/60920\/revisions\/60922"}],"wp:featuredmedia":[{"embeddable":true,"href":"https:\/\/www.egemtv.com\/index.php?rest_route=\/wp\/v2\/media\/60921"}],"wp:attachment":[{"href":"https:\/\/www.egemtv.com\/index.php?rest_route=%2Fwp%2Fv2%2Fmedia&parent=60920"}],"wp:term":[{"taxonomy":"category","embeddable":true,"href":"https:\/\/www.egemtv.com\/index.php?rest_route=%2Fwp%2Fv2%2Fcategories&post=60920"},{"taxonomy":"post_tag","embeddable":true,"href":"https:\/\/www.egemtv.com\/index.php?rest_route=%2Fwp%2Fv2%2Ftags&post=60920"}],"curies":[{"name":"wp","href":"https:\/\/api.w.org\/{rel}","templated":true}]}}