{"id":60917,"date":"2025-10-12T14:54:55","date_gmt":"2025-10-12T11:54:55","guid":{"rendered":"https:\/\/www.egemtv.com\/?p=60917"},"modified":"2025-10-12T14:54:56","modified_gmt":"2025-10-12T11:54:56","slug":"sehzadeler-iyi-partide-aytac-guven-tazeledi","status":"publish","type":"post","link":"https:\/\/www.egemtv.com\/?p=60917","title":{"rendered":"\u015eehzadeler \u0130Y\u0130 Parti\u2019de Ayta\u00e7 g\u00fcven tazeledi"},"content":{"rendered":"<p>\u0130Y\u0130 Parti \u015eehzadeler \u0130l\u00e7e Ba\u015fkanl\u0131\u011f\u0131 4. Ola\u011fan Kongresi\u2019nde mevcut ba\u015fkan G\u00f6zde Ak\u00e7ak\u0131n Ayta\u00e7 g\u00fcven tazeledi.<br \/>\n<br \/>MASK\u0130 \u0130kiz Kuleler Konferans Salonu\u2019nda ger\u00e7ekle\u015fen genel kurula \u0130Y\u0130 Parti Genel Ba\u015fkan Yard\u0131mc\u0131s\u0131 Cenk \u00d6zat\u0131c\u0131, G\u0130K \u00dcyesi Hasan Ery\u0131lmaz, \u0130Y\u0130 Parti Manisa \u0130l Ba\u015fkan\u0131 Ali Zafer \u0130ksir, CHP \u015eehzadeler \u0130l\u00e7e Ba\u015fkan\u0131 Mert \u00d6zk\u00f6semen, siyasi parti temsilcileri, sivil toplum kurulu\u015fu temsilcileri ve partililer kat\u0131ld\u0131. Divan ba\u015fkanl\u0131\u011f\u0131na Genel Ba\u015fkan Yard\u0131mc\u0131s\u0131 Cenk \u00d6zat\u0131c\u0131, divan \u00fcyeliklerine Hasan Akkurt,  Tu\u011fba \u00d6zcan ve \u0130smet Faruk Arslan se\u00e7ildi. Bir dakikal\u0131k sayg\u0131 duru\u015funda bulunulmas\u0131n\u0131n ard\u0131ndan \u0130stiklal Mar\u015f\u0131 okundu. Halk oyunlar\u0131 ekibi zeybek g\u00f6sterisi sergiledi. Faaliyet ve mali raporlar okunarak ibra edildi.<br \/>\n<br \/>\u0130Y\u0130 Parti \u015eehzadeler \u0130l\u00e7e Ba\u015fkan\u0131 ve Ba\u015fkan Aday\u0131 G\u00f6zde Ak\u00e7ak\u0131n Ayta\u00e7, partisinin 4. Ola\u011fan \u0130l\u00e7e Kongresi\u2019nde yapt\u0131\u011f\u0131 konu\u015fmada birlik, m\u00fccadele ve adalet vurgusu yapt\u0131. Ayta\u00e7, &#8220;Tarihi yeniden yazacak cesaret m\u00fcrekkebi, \u0130Y\u0130\u2019lik g\u00fcne\u015finin alt\u0131nda d\u00f6kt\u00fc\u011f\u00fcm\u00fcz al\u0131n teridir.&#8221; s\u00f6zleriyle partililere seslendi.<br \/>\n<br \/>Ayta\u00e7, konu\u015fmas\u0131nda T\u00fcrk tarihinden \u00f6rnekler vererek mill\u00ee birli\u011fe dikkat \u00e7ekti. &#8220;Bizler, Mete Han\u2019dan Atat\u00fcrk\u2019e uzanan bir tarih zincirinin temsilcileriyiz. Her t\u00fcrl\u00fc ihanetin ba\u011fr\u0131na han\u00e7er gibi saplanan kahraman bir milletiz,&#8221; diyen Ayta\u00e7, T\u00fcrkiye\u2019nin zor zamanlar\u0131nda da \u0130Y\u0130 Parti\u2019nin milletin sesi olmaya devam etti\u011fini belirtti.<br \/>\n<br \/>Partisinin kurulu\u015fundan bu yana bask\u0131 ve iftiralara ra\u011fmen do\u011fru bildikleri yoldan ayr\u0131lmad\u0131klar\u0131n\u0131 vurgulayan Ayta\u00e7, &#8220;Ne birinden ne di\u011ferinden, sadece T\u00fcrk Milleti\u2019nden yanay\u0131z. Tarihin ve siyasetin do\u011fru taraf\u0131nda durarak kalbimizin pusulas\u0131n\u0131 vatandan yana \u00e7evirdik&#8221; dedi.<br \/>\n<br \/>Kendi siyasi yolculu\u011funa de\u011finen Ayta\u00e7, Mustafa Kemal Atat\u00fcrk\u2019\u00fcn &#8220;T\u00fcrk kad\u0131n\u0131 omuzlar \u00fczerinde y\u00fckselmeye lay\u0131kt\u0131r&#8221; s\u00f6z\u00fcn\u00fc hat\u0131rlatarak, &#8220;Siyasete bu s\u00f6z\u00fcn titretti\u011fi bir y\u00fcrekle ba\u015flad\u0131m. Gayem, demokrasinin kaza yapmadan ilerledi\u011fi bir T\u00fcrkiye\u2019ye kavu\u015fmakt\u0131r.&#8221; dedi. Ailesine, dava arkada\u015flar\u0131na ve partililere te\u015fekk\u00fcr eden Ayta\u00e7, konu\u015fmas\u0131n\u0131 \u015fu s\u00f6zlerle tamamlad\u0131: &#8220;Birlikte \u0130Y\u0130\u2019yiz, birlikte ba\u015faraca\u011f\u0131z. Sa\u011f olun, var olun, Allah\u2019a emanet olun&#8221;<br \/>\n<br \/>\u0130Y\u0130 Parti Manisa \u0130l Ba\u015fkan Zafer \u0130ksir ve G\u0130K \u00dcyesi Hasan Ery\u0131lmaz birer konu\u015fma yaparak genel kurulun hay\u0131rl\u0131 olmas\u0131n\u0131 diledi.<br \/>\n<br \/>\u0130yi Parti Genel Ba\u015fkan Yard\u0131mc\u0131s\u0131 Cenk \u00d6zat\u0131c\u0131 ise &#8220;Atat\u00fcrk\u2019\u00fcn kurdu\u011fu T\u00fcrkiye Cumhuriyeti Devleti\u2019nin temel ilkelerine s\u0131k\u0131 s\u0131k\u0131ya ba\u011fl\u0131 kalarak T\u00fcrkiye\u2019de parlamenter demokrasiyi g\u00fc\u00e7ler ayr\u0131l\u0131\u011f\u0131 ilkesini adil bir devleti adil bir \u00fclkeyi liyakatli b\u00fcrokrasiyi hak edenin hak etti\u011fi yere geldi\u011fi bir memleketi refah bir toplumu in\u015fa etmek amac\u0131yla bu parti kurulmu\u015ftur ve bir m\u00fccadele cehdi ortaya koymu\u015ftur. Bu parti 49\u2019u 50 yapmak i\u00e7in de\u011fil, birilerinin siyasi basamaklar\u0131nda payanda olmak i\u00e7in de\u011fil, siyaseten poz kesenlerin foto\u011fraf st\u00fcdyosu olsun diye de\u011fil acaba hangi major partiye kendime atarsam siyasi menfaatim daha parlak olur nevinden \u015fahsi menfaatlerinin alt\u0131nda bo\u011fulanlar ve \u015ferefi rozetin den k\u00fc\u00e7\u00fck olanlar siyasi nema als\u0131n diye de\u011fil devlet y\u00f6netmeye namzet olarak kurulmu\u015ftur. Bu parti \u00f6yle ya da b\u00f6yle T\u00fcrkiye Cumhuriyeti devletini y\u00f6netmek i\u00e7in kurulmu\u015ftur. bu parti T\u00fcrkiye Cumhuriyeti devletini y\u00f6netecektir&#8221; dedi.<br \/>\n<br \/>Konu\u015fmalar\u0131n ard\u0131ndan se\u00e7ime ge\u00e7ildi. Tek aday olarak se\u00e7ime giren \u0130Y\u0130 Parti \u015eehzadeler \u0130l\u00e7e Ba\u015fkan\u0131 G\u00f6zde Ak\u00e7ak\u0131n Ayta\u00e7 yeniden ba\u015fkanl\u0131\u011fa se\u00e7ildi.<br \/><\/p>\n","protected":false},"excerpt":{"rendered":"<p>\u0130Y\u0130 Parti \u015eehzadeler \u0130l\u00e7e Ba\u015fkanl\u0131\u011f\u0131 4. Ola\u011fan Kongresi\u2019nde mevcut ba\u015fkan G\u00f6zde Ak\u00e7ak\u0131n Ayta\u00e7 g\u00fcven tazeledi. MASK\u0130 \u0130kiz Kuleler Konferans Salonu\u2019nda ger\u00e7ekle\u015fen genel kurula \u0130Y\u0130 Parti Genel Ba\u015fkan Yard\u0131mc\u0131s\u0131 Cenk \u00d6zat\u0131c\u0131, G\u0130K \u00dcyesi Hasan Ery\u0131lmaz, \u0130Y\u0130 Parti Manisa \u0130l Ba\u015fkan\u0131 Ali Zafer \u0130ksir, CHP \u015eehzadeler \u0130l\u00e7e Ba\u015fkan\u0131 Mert \u00d6zk\u00f6semen, siyasi parti temsilcileri, sivil toplum kurulu\u015fu temsilcileri&#8230;<\/p>\n","protected":false},"author":1,"featured_media":60918,"comment_status":"open","ping_status":"open","sticky":false,"template":"","format":"standard","meta":{"_crdt_document":"","footnotes":""},"categories":[127],"tags":[],"class_list":["post-60917","post","type-post","status-publish","format-standard","has-post-thumbnail","hentry","category-siyaset"],"_links":{"self":[{"href":"https:\/\/www.egemtv.com\/index.php?rest_route=\/wp\/v2\/posts\/60917","targetHints":{"allow":["GET"]}}],"collection":[{"href":"https:\/\/www.egemtv.com\/index.php?rest_route=\/wp\/v2\/posts"}],"about":[{"href":"https:\/\/www.egemtv.com\/index.php?rest_route=\/wp\/v2\/types\/post"}],"author":[{"embeddable":true,"href":"https:\/\/www.egemtv.com\/index.php?rest_route=\/wp\/v2\/users\/1"}],"replies":[{"embeddable":true,"href":"https:\/\/www.egemtv.com\/index.php?rest_route=%2Fwp%2Fv2%2Fcomments&post=60917"}],"version-history":[{"count":1,"href":"https:\/\/www.egemtv.com\/index.php?rest_route=\/wp\/v2\/posts\/60917\/revisions"}],"predecessor-version":[{"id":60919,"href":"https:\/\/www.egemtv.com\/index.php?rest_route=\/wp\/v2\/posts\/60917\/revisions\/60919"}],"wp:featuredmedia":[{"embeddable":true,"href":"https:\/\/www.egemtv.com\/index.php?rest_route=\/wp\/v2\/media\/60918"}],"wp:attachment":[{"href":"https:\/\/www.egemtv.com\/index.php?rest_route=%2Fwp%2Fv2%2Fmedia&parent=60917"}],"wp:term":[{"taxonomy":"category","embeddable":true,"href":"https:\/\/www.egemtv.com\/index.php?rest_route=%2Fwp%2Fv2%2Fcategories&post=60917"},{"taxonomy":"post_tag","embeddable":true,"href":"https:\/\/www.egemtv.com\/index.php?rest_route=%2Fwp%2Fv2%2Ftags&post=60917"}],"curies":[{"name":"wp","href":"https:\/\/api.w.org\/{rel}","templated":true}]}}