{"id":60911,"date":"2025-10-12T14:14:45","date_gmt":"2025-10-12T11:14:45","guid":{"rendered":"https:\/\/www.egemtv.com\/?p=60911"},"modified":"2025-10-12T14:14:46","modified_gmt":"2025-10-12T11:14:46","slug":"afyonkarahisarda-mevsimin-ilk-kari-dustu","status":"publish","type":"post","link":"https:\/\/www.egemtv.com\/?p=60911","title":{"rendered":"Afyonkarahisar\u2019da mevsimin ilk kar\u0131 d\u00fc\u015ft\u00fc"},"content":{"rendered":"<p>Afyonkarahisar\u2019da mevsimin ilk kar\u0131 yakla\u015f\u0131k 2 bin 300 rak\u0131ml\u0131 Yellibel Yaylas\u0131\u2019na ya\u011fd\u0131.<br \/>\n<br \/>Emirda\u011f il\u00e7esinin y\u0131lk\u0131 atlar\u0131yla me\u015fhur Yellibel Yaylas\u0131\u2019na mevsimin ilk kar\u0131 d\u00fc\u015ft\u00fc. Kar ya\u011f\u0131\u015f\u0131n\u0131 g\u00f6ren baz\u0131 do\u011fa severler ise solu\u011fu yaylada ald\u0131. Bol bol foto\u011fraf \u00e7ektiren dua severler 2 bin 300 rak\u0131ml\u0131 yaylada kar ya\u011f\u0131\u015f\u0131n\u0131 sosyal medya hesaplar\u0131ndan payla\u015farak vatanda\u015flara duyurdu. Ya\u011f\u0131\u015f\u0131n ard\u0131ndan yaylan\u0131n b\u00fcy\u00fck bir k\u0131sm\u0131n\u0131n karla kapland\u0131\u011f\u0131 g\u00f6zlendi.<br \/><\/p>\n","protected":false},"excerpt":{"rendered":"<p>Afyonkarahisar\u2019da mevsimin ilk kar\u0131 yakla\u015f\u0131k 2 bin 300 rak\u0131ml\u0131 Yellibel Yaylas\u0131\u2019na ya\u011fd\u0131. Emirda\u011f il\u00e7esinin y\u0131lk\u0131 atlar\u0131yla me\u015fhur Yellibel Yaylas\u0131\u2019na mevsimin ilk kar\u0131 d\u00fc\u015ft\u00fc. Kar ya\u011f\u0131\u015f\u0131n\u0131 g\u00f6ren baz\u0131 do\u011fa severler ise solu\u011fu yaylada ald\u0131. Bol bol foto\u011fraf \u00e7ektiren dua severler 2 bin 300 rak\u0131ml\u0131 yaylada kar ya\u011f\u0131\u015f\u0131n\u0131 sosyal medya hesaplar\u0131ndan payla\u015farak vatanda\u015flara duyurdu. Ya\u011f\u0131\u015f\u0131n ard\u0131ndan yaylan\u0131n&#8230;<\/p>\n","protected":false},"author":1,"featured_media":60912,"comment_status":"open","ping_status":"open","sticky":false,"template":"","format":"standard","meta":{"_crdt_document":"","footnotes":""},"categories":[1],"tags":[],"class_list":["post-60911","post","type-post","status-publish","format-standard","has-post-thumbnail","hentry","category-guncel"],"_links":{"self":[{"href":"https:\/\/www.egemtv.com\/index.php?rest_route=\/wp\/v2\/posts\/60911","targetHints":{"allow":["GET"]}}],"collection":[{"href":"https:\/\/www.egemtv.com\/index.php?rest_route=\/wp\/v2\/posts"}],"about":[{"href":"https:\/\/www.egemtv.com\/index.php?rest_route=\/wp\/v2\/types\/post"}],"author":[{"embeddable":true,"href":"https:\/\/www.egemtv.com\/index.php?rest_route=\/wp\/v2\/users\/1"}],"replies":[{"embeddable":true,"href":"https:\/\/www.egemtv.com\/index.php?rest_route=%2Fwp%2Fv2%2Fcomments&post=60911"}],"version-history":[{"count":1,"href":"https:\/\/www.egemtv.com\/index.php?rest_route=\/wp\/v2\/posts\/60911\/revisions"}],"predecessor-version":[{"id":60913,"href":"https:\/\/www.egemtv.com\/index.php?rest_route=\/wp\/v2\/posts\/60911\/revisions\/60913"}],"wp:featuredmedia":[{"embeddable":true,"href":"https:\/\/www.egemtv.com\/index.php?rest_route=\/wp\/v2\/media\/60912"}],"wp:attachment":[{"href":"https:\/\/www.egemtv.com\/index.php?rest_route=%2Fwp%2Fv2%2Fmedia&parent=60911"}],"wp:term":[{"taxonomy":"category","embeddable":true,"href":"https:\/\/www.egemtv.com\/index.php?rest_route=%2Fwp%2Fv2%2Fcategories&post=60911"},{"taxonomy":"post_tag","embeddable":true,"href":"https:\/\/www.egemtv.com\/index.php?rest_route=%2Fwp%2Fv2%2Ftags&post=60911"}],"curies":[{"name":"wp","href":"https:\/\/api.w.org\/{rel}","templated":true}]}}