{"id":60908,"date":"2025-10-12T14:14:42","date_gmt":"2025-10-12T11:14:42","guid":{"rendered":"https:\/\/www.egemtv.com\/?p=60908"},"modified":"2025-10-12T14:14:44","modified_gmt":"2025-10-12T11:14:44","slug":"izmirdeki-kooperatif-magdurlari-cozum-bekliyor","status":"publish","type":"post","link":"https:\/\/www.egemtv.com\/?p=60908","title":{"rendered":"\u0130zmir\u2019deki kooperatif ma\u011fdurlar\u0131 \u00e7\u00f6z\u00fcm bekliyor"},"content":{"rendered":"<p>\u0130zmir\u2019in Gaziemir il\u00e7esinde \u0130ZBETON ve EGE\u015eEH\u0130R \u00f6nc\u00fcl\u00fc\u011f\u00fcnde ba\u015flat\u0131lan kentsel d\u00f6n\u00fc\u015f\u00fcm projelerine kat\u0131lan hak sahipleri, ya\u015fad\u0131klar\u0131 ma\u011fduriyetin giderilmesi talebiyle bir araya geldi. Bas\u0131n a\u00e7\u0131klamas\u0131 ger\u00e7ekle\u015ftiren \u0130\u015f \u0130nsanlar\u0131 Gaziemir Yap\u0131 Kooperatifi Y\u00f6netim Kurulu Ba\u015fkan\u0131 Ali Alpyavuz, &#8220;Her birimiz, ev sahibi olma umuduyla belediyenin ve d\u00f6nemin y\u00f6neticilerinin g\u00fcven veren s\u00f6zlerine inanarak bu projelere \u00fcye olduk. O g\u00fcn bize, \u2019bu proje belediye g\u00fcvencesindedir\u2019 denildi ve biz de bu s\u00f6zlere g\u00fcvenerek yola \u00e7\u0131kt\u0131k. Ancak bug\u00fcn, o g\u00fcvenin enkaz\u0131 alt\u0131nda hukuk m\u00fccadelesi veriyoruz&#8221; dedi.<br \/>\n<br \/>\u0130zmir B\u00fcy\u00fck\u015fehir Belediyesine y\u00f6nelik yolsuzluk soru\u015fturmas\u0131 sonras\u0131 kamuoyunda kooperatif ve kentsel d\u00f6n\u00fc\u015f\u00fcm ma\u011fdurlar\u0131 olarak an\u0131lan hak sahipleri, ya\u015fad\u0131klar\u0131 probleme \u00e7\u00f6z\u00fcm ar\u0131yor. 2022 y\u0131l\u0131 \u015eubat ay\u0131nda \u0130zmir B\u00fcy\u00fck\u015fehir Belediyesi\u2019nin i\u015ftiraki \u0130ZBETON A.\u015e. ile \u0130\u015f \u0130nsanlar\u0131 Gaziemir Konut Yap\u0131 Kooperatifi aras\u0131nda imzalanan protokolle, Gaziemir Aktepe-Emrez Mahallesi Kentsel D\u00f6n\u00fc\u015f\u00fcm Projesi\u2019nin birinci etab\u0131 kapsam\u0131nda 275 konut ve 9 i\u015fyeri in\u015faat\u0131 hedeflendi. Ancak projenin belirtilen s\u00fcrede tamamlanmamas\u0131, hak sahiplerinin ma\u011fduriyet ya\u015famas\u0131na neden oldu. \u0130zmir B\u00fcy\u00fck\u015fehir Belediyesi, \u0130ZBETON ve EGE\u015eEH\u0130R \u00f6nc\u00fcl\u00fc\u011f\u00fcnde, belediye garant\u00f6rl\u00fc\u011f\u00fcnde kurulan yap\u0131 kooperatiflere \u00fcye olduklar\u0131n\u0131 belirten \u0130\u015f \u0130nsanlar\u0131 Gaziemir Yap\u0131 Kooperatifi Y\u00f6netim Kurulu Ba\u015fkan\u0131 Ali Alpyavuz, &#8220;Bug\u00fcn sesimizi \u015fantiyemizden duyurmaya \u00e7al\u0131\u015f\u0131yoruz. Hak sahipleriyle birlikte yakla\u015f\u0131k 5 bin aileyiz. Her birimiz, ev sahibi olma umuduyla belediyenin ve d\u00f6nemin y\u00f6neticilerinin g\u00fcven veren s\u00f6zlerine inanarak bu projelere \u00fcye olduk. O g\u00fcn bize, \u2018Bu proje belediye g\u00fcvencesindedir\u2019 denildi ve biz de bu s\u00f6zlere g\u00fcvenerek yola \u00e7\u0131kt\u0131k. Ancak bug\u00fcn, o g\u00fcvenin enkaz\u0131 alt\u0131nda hukuk m\u00fccadelesi veriyoruz. Oysa bu projelerin temelleri at\u0131l\u0131rken yan\u0131m\u0131zda belediye ba\u015fkanlar\u0131, siyasiler ve b\u00fcrokratlar vard\u0131; a\u00e7\u0131l\u0131\u015f t\u00f6renlerinde foto\u011fraflar \u00e7ekildi. Proje, \u2018\u0130zmir modeli\u2019 olarak tan\u0131t\u0131ld\u0131, \u2018Sosyal konut ba\u015far\u0131s\u0131\u2019 olarak lanse edildi. Bug\u00fcn ise ayn\u0131 ki\u015filer sessiz. Ne belediye ne de parti temsilcileri var. Hi\u00e7biri 5 bin ailenin \u00e7\u0131\u011fl\u0131\u011f\u0131n\u0131 duymak istemiyor&#8221; ifadelerini kulland\u0131.<\/p>\n<p>&#8220;Bu s\u00fcre\u00e7te ne \u0130zmir B\u00fcy\u00fck\u015fehir Belediyesi ne de projeyi sahiplenen Cumhuriyet Halk Partisi ma\u011fdurlar\u0131n yan\u0131nda durdu&#8221;<br \/>\n<br \/>\u0130n\u015faatlar\u0131n 1,5 y\u0131ld\u0131r durdu\u011funu s\u00f6yleyen Alpyavuz, &#8220;Betonlar \u00e7atlad\u0131, demirler paslan\u0131yor. Ama en \u00e7ok da bizlerin umutlar\u0131 \u00e7\u00fcr\u00fcyor. Bu s\u00fcre\u00e7te ne \u0130zmir B\u00fcy\u00fck\u015fehir Belediyesi ne de projeyi sahiplenen Cumhuriyet Halk Partisi ma\u011fdurlar\u0131n yan\u0131nda durdu. Olu\u015fturulan komisyonlar ve a\u00e7\u0131klanan \u00e7\u00f6z\u00fcmler yaln\u0131zca s\u00f6zde kald\u0131. Ne y\u00fczlerini g\u00f6rd\u00fck ne de seslerini duyduk. Buradan \u0130zmir B\u00fcy\u00fck\u015fehir Belediye Ba\u015fkan\u0131 Cemil Tugay\u2019a ve CHP Genel Ba\u015fkan\u0131 \u00d6zg\u00fcr \u00d6zel\u2019e sesleniyoruz. Bu kentin insanlar\u0131 size g\u00fcvendi. O g\u00fcvenin gere\u011fini yerine getirin. Protokoller, kapal\u0131 kap\u0131lar ard\u0131nda de\u011fil, ma\u011fdurlar\u0131n ger\u00e7ek ihtiya\u00e7lar\u0131 do\u011frultusunda \u015fekillensin. Bu kez ger\u00e7ekten taraf olun; sorumluluk al\u0131n, adaletli davran\u0131n. Bizim tek derdimiz evlerimiz, hakk\u0131m\u0131z, onurumuz ve gelece\u011fimizdir. Evlerimiz ve umutlar\u0131m\u0131z \u00e7al\u0131nd\u0131&#8221; diye ekledi.<\/p>\n<p>&#8220;CHP\u2019den, K\u0131l\u0131\u00e7daro\u011flu\u2019ndan ve \u0130ZBETON\u2019dan bahsediliyordu&#8221;<br \/>\n<br \/>Deprem y\u00f6netmeli\u011fine uygun oldu\u011funu ve belediyeye g\u00fcvenerek kat\u0131ld\u0131\u011f\u0131n\u0131 ifade eden Abbas Y\u0131ld\u0131r\u0131m, &#8220;\u0130ZBETON\u2019un ismini duyduk, K\u0131l\u0131\u00e7daro\u011flu\u2019nun a\u00e7\u0131l\u0131\u015fa gelece\u011fi s\u00f6ylendi. B\u00f6yle bir sisteme, bir kooperatife herkesin kat\u0131labilece\u011fini d\u00fc\u015f\u00fcnd\u00fck. Sonu\u00e7ta \u0130zmir\u2019den, CHP\u2019den, K\u0131l\u0131\u00e7daro\u011flu\u2019ndan ve \u0130ZBETON\u2019dan bahsediliyordu. Gitti\u011finiz bir yerde kaliteye ve markaya bakars\u0131n\u0131z. Biz de b\u00f6yle bakt\u0131k, g\u00fcvendik. Birka\u00e7 akrabamla birlikte girdik bu i\u015fe. Ben, \u00e7ocuklar\u0131m\u0131n deste\u011fiyle bir daire alabildim. Ancak zaman ge\u00e7tik\u00e7e \u2018Acaba girmeseydim daha m\u0131 iyiydi\u2019 diye d\u00fc\u015f\u00fcnmeye ba\u015flad\u0131m. Duygusal anlamda \u00e7\u00f6km\u00fc\u015f durumday\u0131z. Geldi\u011fimiz noktada param\u0131z gitti ama kar\u015f\u0131m\u0131zda muhatap yok. Yar\u0131m kalan bir in\u015faat\u0131m\u0131z var. Arka tarafta da g\u00f6r\u00fcyorsunuz, bizden sonra ba\u015flanan bir in\u015faat h\u0131zl\u0131 \u015fekilde ilerliyor. O da k\u0131smen bu s\u00fcrecin bir par\u00e7as\u0131 gibi g\u00f6r\u00fcn\u00fcyor. Biz param\u0131z\u0131 \u00f6dememize ra\u011fmen y\u0131llar ge\u00e7ti. Evet, burada bir mahkeme s\u00fcreci var. Yar\u0131n yine bir duru\u015fma olacak. B\u00fcy\u00fck ihtimalle yine birilerini serbest b\u0131rakacaklar. Biz ise g\u00f6z\u00fcm\u00fcz ya\u015fl\u0131, huzurumuz ka\u00e7m\u0131\u015f, duygusal anlamda \u00e7\u00f6km\u00fc\u015f bir \u015fekilde beklemeye devam edece\u011fiz&#8221; \u015feklinde konu\u015ftu.<\/p>\n<p>&#8220;CHP Genel Ba\u015fkan\u0131 Say\u0131n Kemal K\u0131l\u0131\u00e7daro\u011flu\u2019nun da kat\u0131ld\u0131\u011f\u0131 bir t\u00f6renle a\u00e7\u0131ld\u0131&#8221;<br \/>\n<br \/>Bu projeye depremden korunmak amac\u0131yla, belediyenin ve \u0130ZBETON\u2019un g\u00fcvencesine inanarak \u00fcye oldu\u011funu s\u00f6yleyen Mehmet Manav, &#8220;Aidatlar\u0131n eksiksiz \u00f6denmi\u015f olmas\u0131na ra\u011fmen, in\u015faat y\u0131llard\u0131r ilerlemiyor. Buras\u0131, CHP Genel Ba\u015fkan\u0131 Say\u0131n Kemal K\u0131l\u0131\u00e7daro\u011flu\u2019nun da kat\u0131ld\u0131\u011f\u0131 bir t\u00f6renle, \u0130zmir B\u00fcy\u00fck\u015fehir Belediyesi taraf\u0131ndan \u00f6rnek proje olarak duyurulmu\u015ftu. Ama bug\u00fcn geldi\u011fimiz noktada, in\u015faat hala at\u0131l vaziyette. Fiziksel ger\u00e7ekle\u015fme oran\u0131 y\u00fczde 8 ile y\u00fczde 9 aras\u0131nda. Yeni belediye ba\u015fkan\u0131 g\u00f6reve geldi\u011finde, \u2018G\u00fcvenceniz yine biziz, bu in\u015faatlara devam edece\u011fiz. Ayr\u0131lmak isteyen olursa, \u00f6dedikleri paralar\u0131 faiziyle birlikte iade edece\u011fiz. Kalan \u00fcyelerle de devam edece\u011fiz\u2019 \u015feklinde a\u00e7\u0131klama yapt\u0131. Hatta \u2018Projeden \u00e7\u0131kanlar\u0131n yerine yine biz garant\u00f6r\u00fcz\u2019 dendi. Ancak aradan bir y\u0131l ge\u00e7mesine ra\u011fmen herhangi bir ilerleme g\u00f6r\u00fclmedi. Genel ba\u015fkan \u00e7\u0131k\u0131p \u2018Anla\u015ft\u0131k\u2019 diyor, ama ortada bir anla\u015fma yok. Belediye ba\u015fkan\u0131 \u2018Projeler devam ediyor\u2019 diyor, ama sahada somut bir geli\u015fme yok. Baz\u0131 projelerde anla\u015f\u0131lm\u0131\u015f gibi g\u00f6r\u00fcnse de talep edilen rakamlar \u015fu an s\u0131f\u0131rdan bir daire alacak kadar y\u00fcksek. \u0130nsanlar aidat \u00f6demeye tekrar ba\u015flam\u0131\u015f durumda, ancak belediyenin bu kez yar\u0131 yolda b\u0131rakmayaca\u011f\u0131na dair hi\u00e7bir g\u00fcvence yok. Biz burada sadece garanti istiyoruz&#8221; diye konu\u015ftu.<br \/><\/p>\n","protected":false},"excerpt":{"rendered":"<p>\u0130zmir\u2019in Gaziemir il\u00e7esinde \u0130ZBETON ve EGE\u015eEH\u0130R \u00f6nc\u00fcl\u00fc\u011f\u00fcnde ba\u015flat\u0131lan kentsel d\u00f6n\u00fc\u015f\u00fcm projelerine kat\u0131lan hak sahipleri, ya\u015fad\u0131klar\u0131 ma\u011fduriyetin giderilmesi talebiyle bir araya geldi. Bas\u0131n a\u00e7\u0131klamas\u0131 ger\u00e7ekle\u015ftiren \u0130\u015f \u0130nsanlar\u0131 Gaziemir Yap\u0131 Kooperatifi Y\u00f6netim Kurulu Ba\u015fkan\u0131 Ali Alpyavuz, &#8220;Her birimiz, ev sahibi olma umuduyla belediyenin ve d\u00f6nemin y\u00f6neticilerinin g\u00fcven veren s\u00f6zlerine inanarak bu projelere \u00fcye olduk. O g\u00fcn bize,&#8230;<\/p>\n","protected":false},"author":1,"featured_media":60909,"comment_status":"open","ping_status":"open","sticky":false,"template":"","format":"standard","meta":{"_crdt_document":"","footnotes":""},"categories":[1],"tags":[],"class_list":["post-60908","post","type-post","status-publish","format-standard","has-post-thumbnail","hentry","category-guncel"],"_links":{"self":[{"href":"https:\/\/www.egemtv.com\/index.php?rest_route=\/wp\/v2\/posts\/60908","targetHints":{"allow":["GET"]}}],"collection":[{"href":"https:\/\/www.egemtv.com\/index.php?rest_route=\/wp\/v2\/posts"}],"about":[{"href":"https:\/\/www.egemtv.com\/index.php?rest_route=\/wp\/v2\/types\/post"}],"author":[{"embeddable":true,"href":"https:\/\/www.egemtv.com\/index.php?rest_route=\/wp\/v2\/users\/1"}],"replies":[{"embeddable":true,"href":"https:\/\/www.egemtv.com\/index.php?rest_route=%2Fwp%2Fv2%2Fcomments&post=60908"}],"version-history":[{"count":1,"href":"https:\/\/www.egemtv.com\/index.php?rest_route=\/wp\/v2\/posts\/60908\/revisions"}],"predecessor-version":[{"id":60910,"href":"https:\/\/www.egemtv.com\/index.php?rest_route=\/wp\/v2\/posts\/60908\/revisions\/60910"}],"wp:featuredmedia":[{"embeddable":true,"href":"https:\/\/www.egemtv.com\/index.php?rest_route=\/wp\/v2\/media\/60909"}],"wp:attachment":[{"href":"https:\/\/www.egemtv.com\/index.php?rest_route=%2Fwp%2Fv2%2Fmedia&parent=60908"}],"wp:term":[{"taxonomy":"category","embeddable":true,"href":"https:\/\/www.egemtv.com\/index.php?rest_route=%2Fwp%2Fv2%2Fcategories&post=60908"},{"taxonomy":"post_tag","embeddable":true,"href":"https:\/\/www.egemtv.com\/index.php?rest_route=%2Fwp%2Fv2%2Ftags&post=60908"}],"curies":[{"name":"wp","href":"https:\/\/api.w.org\/{rel}","templated":true}]}}