{"id":60905,"date":"2025-10-12T13:35:09","date_gmt":"2025-10-12T10:35:09","guid":{"rendered":"https:\/\/www.egemtv.com\/?p=60905"},"modified":"2025-10-12T13:35:10","modified_gmt":"2025-10-12T10:35:10","slug":"istiklal-caddesini-ziyarete-giden-baskan-cavusoglu-esnafin-tepkisiyle-karsilasti","status":"publish","type":"post","link":"https:\/\/www.egemtv.com\/?p=60905","title":{"rendered":"\u0130stiklal Caddesini ziyarete giden Ba\u015fkan \u00c7avu\u015fo\u011flu, esnaf\u0131n tepkisiyle kar\u015f\u0131la\u015ft\u0131"},"content":{"rendered":"<p>Denizli B\u00fcy\u00fck\u015fehir Belediyesi Ba\u015fkan\u0131 B\u00fclent Nuri \u00c7avu\u015fo\u011flu, ziyaret i\u00e7in gitti\u011fi \u0130stiklal Caddesinde, esnaf ve vatanda\u015flar\u0131n tepkisiyle kar\u015f\u0131la\u015ft\u0131. Sorunlar\u0131n\u0131 ve ya\u015fad\u0131\u011f\u0131 s\u0131k\u0131nt\u0131lar\u0131 dile getiren esnaflar\u0131n s\u00f6zlerini yar\u0131da b\u0131rakan Ba\u015fkan \u00c7avu\u015fo\u011flu, \u00e7areyi esnaf\u0131n yanlar\u0131ndan ayr\u0131larak yola devam etti.<\/p>\n<p>Denizli B\u00fcy\u00fck\u015fehir Belediyesi taraf\u0131ndan \u0130stiklal Caddesinde hayata ge\u00e7irilen \u2018Otob\u00fcs Yolu\u2019 projesinde \u015fikayetlerin artmas\u0131yla birlikte Denizli B\u00fcy\u00fck\u015fehir Belediyesi Ba\u015fkan\u0131 B\u00fclent Nuri \u00c7avu\u015fo\u011flu, \u0130stiklal Caddesinde esnaflar\u0131 ve vatanda\u015flar\u0131 ziyaret etti. Ba\u015fkan \u00c7avu\u015fo\u011flu, ziyaretler s\u0131ras\u0131nda esnaflar sert tepki ald\u0131. Esnaflar durumdan \u015fikayet\u00e7i oldu\u011fu dile getirirken Ba\u015fkan \u00c7avu\u015fo\u011flu ise yo\u011fun \u015fikayetlerde esnaf\u0131n derdini anlatmas\u0131n\u0131 yar\u0131da b\u0131rakarak yolunu devam etti.<\/p>\n<p>Esnaf \u015fikayetini belirtti, Ba\u015fkan \u00c7avu\u015fo\u011flu g\u00fclerek yolunu devam etti<br \/>\n<br \/>\u0130lk etapta \u00e7i\u00e7ek\u00e7i esnaf ile kar\u015f\u0131lan Ba\u015fkan \u00c7avu\u015fo\u011flu esnaf\u0131n yan\u0131na geldi. Esnaf ise &#8220;Ben \u00e7i\u00e7ek\u00e7iyim, m\u00fc\u015fterim \u00e7i\u00e7ek almak i\u00e7in duram\u0131yor. Burada duramad\u0131ktan sonra ben ne yapaca\u011f\u0131m&#8221; diye sitemini belirtti. Ba\u015fkan \u00c7avu\u015fo\u011flu ise &#8220;Benim i\u015fi bozar diyorsun&#8221; diye g\u00fclerek yolunu devam etti.<\/p>\n<p>Esnaftan sert tepki, &#8220;Denizli\u2019de ya\u015fayan insanlar var. Denizli\u2019de ya\u015fayan vatanda\u015flar\u0131n mutlulu\u011fundan sorumlusunuz ama siz biz herkesi mutlu etmek zorunda de\u011filsiniz&#8221; diyorsunuz do\u011fru mudur bu?&#8221; dedi<br \/>\n<br \/>Ard\u0131ndan ise ba\u015fka bir esnafa giden Ba\u015fkan \u00c7avu\u015fo\u011flu burada ise ba\u015fka bir sitem ile kar\u015f\u0131la\u015ft\u0131. Kar\u015f\u0131la\u015ft\u0131\u011f\u0131n\u0131 esnaf ise &#8220;Denizli\u2019de ya\u015fayan insanlar var. Siz bu Denizli\u2019de ya\u015fayan vatanda\u015flar\u0131n mutlulu\u011fundan sorumlusunuz. Siz ise \u2018Biz herkesi mutlu etmek zorunda de\u011filsiniz\u2019 diyorsunuz. Sizce do\u011fru bir s\u00f6ylem midir? Siz bu caddeye geldi\u011finiz zaman ya\u015fl\u0131 amcalarla ve \u00e7oluk \u00e7ocukla sohbet ettiniz. Ba\u015fka bir \u015fey yapmad\u0131n\u0131z. Burada esnafla sohbet edip, memnun olmayan konular\u0131 konu\u015fmad\u0131n\u0131z. Ba\u015fka yapt\u0131\u011f\u0131n\u0131z bir \u015fey yoktu. Biz burada esnaf\u0131z. Burada olan kazalar\u0131 biz g\u00f6r\u00fcyoruz. Burada g\u00fcnde ka\u00e7 tane kaza oluyor, bir bak\u0131n. Her g\u00fcn 2 tane kaza oluyor&#8221; diye belirtti. Ba\u015fkan \u00c7avu\u015fo\u011flu ise g\u00fclerek esnaf\u0131n\u0131 \u015fikayetlerini g\u00f6rmezden gelerek ba\u015fka bir esnafla konu\u015fmaya devam etti.<\/p>\n<p>Esnaf derdini anlat\u0131rken araya giren Ba\u015fkan \u00c7avu\u015fo\u011flu, konu\u015furken araya giren esnafa &#8220;Konu\u015fturmuyorsunuz&#8221; deyince esnaftan sert tepki ald\u0131; &#8220;B\u0131kt\u0131k, t\u00fckendik. Yoldan \u015fikayet\u00e7iyiz&#8221;<br \/>\n<br \/>Di\u011fer esnaf ise &#8220;Bu hepimizin sorunu zaten&#8221; dedi. Sonras\u0131nda esnaf derdiniz anlatmaya devam ederken Ba\u015fkan \u00c7avu\u015fo\u011flu esnaf\u0131n derdini dinlemeden s\u00f6zlerini devam etti. \u0130stiklal Caddesin ayakkab\u0131c\u0131 olan bir esnaf ise, hemen d\u00fckkan\u0131n dibinde bulunan reyonun bile kar\u0131\u015f\u0131ld\u0131\u011f\u0131n\u0131 ve esnaf\u0131 da d\u00fc\u015f\u00fcn\u00fclmesi talep etti. Daha \u00f6ncesinde esnaf derdini anlat\u0131rken s\u00f6zlerini girip konu\u015fmaya devam eden Ba\u015fkan \u00c7avu\u015fo\u011flu\u2019nun s\u00f6z\u00fcne bu sefer esnaf girince Ba\u015fkan \u00c7avu\u015fo\u011flu, &#8220;Konu\u015fturmuyorsunuz, ben sizi dinliyorum. M\u00fcsaade etmiyorsunuz&#8221; dedi. Esnaflar ise kar\u015f\u0131l\u0131k olarak, &#8220;B\u0131kt\u0131k, t\u00fckendik. Yoldan \u015fikayet\u00e7iyiz.<\/p>\n<p>Esnaf \u015fikayetlerini dile getirirken, Ba\u015fkan \u00c7avu\u015fo\u011flu yar\u0131da b\u0131rakarak yolunu devam etti<br \/>\n<br \/>Derdimiz \u00e7ok b\u00fcy\u00fck, d\u00fckkan\u0131m\u0131zda sabredemedik. Sizi g\u00f6r\u00fcnce yan\u0131n\u0131za geldik diyen esnaf derdini anlatmaya devam ederken bu sefer Ba\u015fkan \u00c7avu\u015fo\u011flu esnaflar\u0131n derdini yar\u0131da b\u0131rakarak yanlar\u0131ndan ayr\u0131ld\u0131 ve yolunu devam etti.<\/p>\n<p>Ard\u0131ndan bir markete gelen Ba\u015fkan \u00c7avu\u015fo\u011flu\u2019na bu sefer bir esnaf, &#8220;Ba\u015fkan\u0131m engelli rampas\u0131 kald\u0131r\u0131ld\u0131, engellilerimiz giremiyor&#8221; dedi. Ba\u015fkan \u00c7avu\u015fo\u011flu ise engelli rampas\u0131 y\u00fcz\u00fcnden d\u00fc\u015fenlerin oldu\u011funu iddia etti. Engelli bir vatanda\u015f ise, &#8220;\u2018Engelli oldu\u011fumuz i\u00e7in ne bir markete girebiliyoruz ne bir \u015fey yapabiliyoruz. Hi\u00e7bir \u015fekilde memnun de\u011filiz\u2019 diye sitemde bulundu.<br \/><\/p>\n","protected":false},"excerpt":{"rendered":"<p>Denizli B\u00fcy\u00fck\u015fehir Belediyesi Ba\u015fkan\u0131 B\u00fclent Nuri \u00c7avu\u015fo\u011flu, ziyaret i\u00e7in gitti\u011fi \u0130stiklal Caddesinde, esnaf ve vatanda\u015flar\u0131n tepkisiyle kar\u015f\u0131la\u015ft\u0131. Sorunlar\u0131n\u0131 ve ya\u015fad\u0131\u011f\u0131 s\u0131k\u0131nt\u0131lar\u0131 dile getiren esnaflar\u0131n s\u00f6zlerini yar\u0131da b\u0131rakan Ba\u015fkan \u00c7avu\u015fo\u011flu, \u00e7areyi esnaf\u0131n yanlar\u0131ndan ayr\u0131larak yola devam etti. Denizli B\u00fcy\u00fck\u015fehir Belediyesi taraf\u0131ndan \u0130stiklal Caddesinde hayata ge\u00e7irilen \u2018Otob\u00fcs Yolu\u2019 projesinde \u015fikayetlerin artmas\u0131yla birlikte Denizli B\u00fcy\u00fck\u015fehir Belediyesi Ba\u015fkan\u0131 B\u00fclent&#8230;<\/p>\n","protected":false},"author":1,"featured_media":60906,"comment_status":"open","ping_status":"open","sticky":false,"template":"","format":"standard","meta":{"_crdt_document":"","footnotes":""},"categories":[123],"tags":[],"class_list":["post-60905","post","type-post","status-publish","format-standard","has-post-thumbnail","hentry","category-gundem"],"_links":{"self":[{"href":"https:\/\/www.egemtv.com\/index.php?rest_route=\/wp\/v2\/posts\/60905","targetHints":{"allow":["GET"]}}],"collection":[{"href":"https:\/\/www.egemtv.com\/index.php?rest_route=\/wp\/v2\/posts"}],"about":[{"href":"https:\/\/www.egemtv.com\/index.php?rest_route=\/wp\/v2\/types\/post"}],"author":[{"embeddable":true,"href":"https:\/\/www.egemtv.com\/index.php?rest_route=\/wp\/v2\/users\/1"}],"replies":[{"embeddable":true,"href":"https:\/\/www.egemtv.com\/index.php?rest_route=%2Fwp%2Fv2%2Fcomments&post=60905"}],"version-history":[{"count":1,"href":"https:\/\/www.egemtv.com\/index.php?rest_route=\/wp\/v2\/posts\/60905\/revisions"}],"predecessor-version":[{"id":60907,"href":"https:\/\/www.egemtv.com\/index.php?rest_route=\/wp\/v2\/posts\/60905\/revisions\/60907"}],"wp:featuredmedia":[{"embeddable":true,"href":"https:\/\/www.egemtv.com\/index.php?rest_route=\/wp\/v2\/media\/60906"}],"wp:attachment":[{"href":"https:\/\/www.egemtv.com\/index.php?rest_route=%2Fwp%2Fv2%2Fmedia&parent=60905"}],"wp:term":[{"taxonomy":"category","embeddable":true,"href":"https:\/\/www.egemtv.com\/index.php?rest_route=%2Fwp%2Fv2%2Fcategories&post=60905"},{"taxonomy":"post_tag","embeddable":true,"href":"https:\/\/www.egemtv.com\/index.php?rest_route=%2Fwp%2Fv2%2Ftags&post=60905"}],"curies":[{"name":"wp","href":"https:\/\/api.w.org\/{rel}","templated":true}]}}