{"id":60896,"date":"2025-10-12T13:14:55","date_gmt":"2025-10-12T10:14:55","guid":{"rendered":"https:\/\/www.egemtv.com\/?p=60896"},"modified":"2025-10-12T13:14:56","modified_gmt":"2025-10-12T10:14:56","slug":"soke-muftulugunden-emekli-din-gorevlilerine-vefa-bulusmasi","status":"publish","type":"post","link":"https:\/\/www.egemtv.com\/?p=60896","title":{"rendered":"S\u00f6ke M\u00fcft\u00fcl\u00fc\u011f\u00fc\u2019nden emekli din g\u00f6revlilerine vefa bulu\u015fmas\u0131"},"content":{"rendered":"<p>Camiler ve Din G\u00f6revlileri Haftas\u0131 dolay\u0131s\u0131yla S\u00f6ke \u0130l\u00e7e M\u00fcft\u00fcl\u00fc\u011f\u00fc taraf\u0131ndan il\u00e7ede ge\u00e7mi\u015f y\u0131llarda g\u00f6rev yapm\u0131\u015f emekli din g\u00f6revlileriyle i\u00e7in program d\u00fczenlendi.<\/p>\n<p>Programda konu\u015fan S\u00f6ke \u0130l\u00e7e M\u00fcft\u00fcs\u00fc H\u00fcseyin Taner, uzun y\u0131llar boyunca camilerde ve toplumun manevi hayat\u0131nda hizmet eden din g\u00f6revlilerine te\u015fekk\u00fcr ederek, &#8220;Bug\u00fcne kadar aziz milletimize ve il\u00e7emize hizmet etmi\u015f t\u00fcm din g\u00f6n\u00fcll\u00fcs\u00fc b\u00fcy\u00fcklerimize te\u015fekk\u00fcr ediyor, kendilerine sa\u011fl\u0131k ve afiyet diliyorum. Ahirete irtihal eden hocalar\u0131m\u0131za da Allah\u2019tan rahmet, yak\u0131nlar\u0131na sab\u0131r diliyorum. Sizlerin gayret ve fedak\u00e2rl\u0131klar\u0131, bug\u00fcn y\u00fcr\u00fctmekte oldu\u011fumuz hizmetlerin temelini olu\u015fturuyor. Bizler de bu emaneti ayn\u0131 vefa bilinciyle s\u00fcrd\u00fcrmeye gayret ediyoruz&#8221; dedi.<\/p>\n<p>Programda duygusal anlar ya\u015fan\u0131rken emekli din g\u00f6revlileri; Mehmet Ayg\u00fcn, \u0130brahim \u015eent\u00fcrk, Yusuf Ert\u00fcrk, Muharrem Bice, Abdullah Tuna, S\u00fcleyman \u00d6zdemir, Hasan \u0130rdem, Cihan \u00c7elika\u011f, \u00d6mer Ovaz, S\u00fcleyman \u00d6zdemir\u2019 den olu\u015fan heyet yap\u0131lan anlaml\u0131 bulu\u015fmadan dolay\u0131 \u0130l\u00e7e M\u00fcft\u00fcl\u00fc\u011f\u00fc\u2019ne te\u015fekk\u00fcr etti.<\/p>\n<p>Toplant\u0131, hat\u0131ra foto\u011fraf\u0131 \u00e7ekimi ve dua ile sona erdi.<br \/><\/p>\n","protected":false},"excerpt":{"rendered":"<p>Camiler ve Din G\u00f6revlileri Haftas\u0131 dolay\u0131s\u0131yla S\u00f6ke \u0130l\u00e7e M\u00fcft\u00fcl\u00fc\u011f\u00fc taraf\u0131ndan il\u00e7ede ge\u00e7mi\u015f y\u0131llarda g\u00f6rev yapm\u0131\u015f emekli din g\u00f6revlileriyle i\u00e7in program d\u00fczenlendi. Programda konu\u015fan S\u00f6ke \u0130l\u00e7e M\u00fcft\u00fcs\u00fc H\u00fcseyin Taner, uzun y\u0131llar boyunca camilerde ve toplumun manevi hayat\u0131nda hizmet eden din g\u00f6revlilerine te\u015fekk\u00fcr ederek, &#8220;Bug\u00fcne kadar aziz milletimize ve il\u00e7emize hizmet etmi\u015f t\u00fcm din g\u00f6n\u00fcll\u00fcs\u00fc b\u00fcy\u00fcklerimize te\u015fekk\u00fcr&#8230;<\/p>\n","protected":false},"author":1,"featured_media":60897,"comment_status":"open","ping_status":"open","sticky":false,"template":"","format":"standard","meta":{"_crdt_document":"","footnotes":""},"categories":[1],"tags":[],"class_list":["post-60896","post","type-post","status-publish","format-standard","has-post-thumbnail","hentry","category-guncel"],"_links":{"self":[{"href":"https:\/\/www.egemtv.com\/index.php?rest_route=\/wp\/v2\/posts\/60896","targetHints":{"allow":["GET"]}}],"collection":[{"href":"https:\/\/www.egemtv.com\/index.php?rest_route=\/wp\/v2\/posts"}],"about":[{"href":"https:\/\/www.egemtv.com\/index.php?rest_route=\/wp\/v2\/types\/post"}],"author":[{"embeddable":true,"href":"https:\/\/www.egemtv.com\/index.php?rest_route=\/wp\/v2\/users\/1"}],"replies":[{"embeddable":true,"href":"https:\/\/www.egemtv.com\/index.php?rest_route=%2Fwp%2Fv2%2Fcomments&post=60896"}],"version-history":[{"count":1,"href":"https:\/\/www.egemtv.com\/index.php?rest_route=\/wp\/v2\/posts\/60896\/revisions"}],"predecessor-version":[{"id":60898,"href":"https:\/\/www.egemtv.com\/index.php?rest_route=\/wp\/v2\/posts\/60896\/revisions\/60898"}],"wp:featuredmedia":[{"embeddable":true,"href":"https:\/\/www.egemtv.com\/index.php?rest_route=\/wp\/v2\/media\/60897"}],"wp:attachment":[{"href":"https:\/\/www.egemtv.com\/index.php?rest_route=%2Fwp%2Fv2%2Fmedia&parent=60896"}],"wp:term":[{"taxonomy":"category","embeddable":true,"href":"https:\/\/www.egemtv.com\/index.php?rest_route=%2Fwp%2Fv2%2Fcategories&post=60896"},{"taxonomy":"post_tag","embeddable":true,"href":"https:\/\/www.egemtv.com\/index.php?rest_route=%2Fwp%2Fv2%2Ftags&post=60896"}],"curies":[{"name":"wp","href":"https:\/\/api.w.org\/{rel}","templated":true}]}}