{"id":60893,"date":"2025-10-12T12:55:42","date_gmt":"2025-10-12T09:55:42","guid":{"rendered":"https:\/\/www.egemtv.com\/?p=60893"},"modified":"2025-10-12T12:55:43","modified_gmt":"2025-10-12T09:55:43","slug":"sarigolde-uzum-uretici-ihracatin-hiz-kazanmasini-bekliyor","status":"publish","type":"post","link":"https:\/\/www.egemtv.com\/?p=60893","title":{"rendered":"Sar\u0131g\u00f6l\u2019de \u00fcz\u00fcm \u00fcretici ihracat\u0131n h\u0131z kazanmas\u0131n\u0131 bekliyor"},"content":{"rendered":"<p>Manisa\u2019n\u0131n Sar\u0131g\u00f6l il\u00e7esinden d\u00fcnya sofralar\u0131na Sultani \u00e7ekirdeksiz \u00fcz\u00fcm\u00fc yeti\u015ftiren \u00e7ift\u00e7iler ihracat i\u00e7in t\u00fcccarlar\u0131n elini \u00e7abuk tutarak \u00fcz\u00fcm kesimlerine bir an \u00f6nce ba\u015flamas\u0131n\u0131 talep etti.<br \/>\n<br \/>Manisa\u2019n\u0131n Sar\u0131g\u00f6l il\u00e7esinde yeti\u015ftirilen d\u00fcnyaca \u00fcnl\u00fc Sultani \u00e7ekirdeksiz \u00fcz\u00fcm\u00fc \u00f6rt\u00fc alt\u0131nda hasat edilmeyi bekliyor. 113 bin dekarl\u0131k alanda \u00fcretimi yap\u0131lan \u00fcz\u00fcm\u00fcn \u00f6rt\u00fc alt\u0131nda bekletilmemesini isteyen \u00fcreticiler, ihracat \u00fcr\u00fcn\u00fc \u00fcz\u00fcmlerin bir an \u00f6nce hasat edilmesini istiyor. \u0130hracat\u00e7\u0131lara hasat i\u00e7in \u00e7a\u011fr\u0131da bulunan \u00fcreticiler t\u00fcccarlar\u0131n ellerini \u00e7abuk tutmas\u0131 ve i\u015fleri h\u0131zland\u0131rmas\u0131n\u0131 istedi.<br \/>\n<br \/>\u00dcz\u00fcm ba\u011flar\u0131na g\u00f6z\u00fc gibi bakt\u0131\u011f\u0131n\u0131 ifade eden \u00fcz\u00fcm \u00fcreticisi \u0130lyas Tosun, &#8220;\u00dcz\u00fcm ba\u011flar\u0131m\u0131za g\u00f6z\u00fcm\u00fcz gibi bak\u0131yoruz. Y\u0131llard\u0131r ziraat m\u00fchendisleri ile \u00e7al\u0131\u015farak son sistem uygulamalar\u0131 yap\u0131yor kaliteli \u00fcz\u00fcm alabilmek i\u00e7in adeta ba\u011f\u0131n i\u00e7erisinden \u00e7\u0131km\u0131yoruz. K\u0131saca salk\u0131m, salk\u0131m m\u00fccadele ediyoruz&#8221; dedi.<br \/>\n<br \/>\u0130hracat\u00e7\u0131lardan hasat i\u00e7in i\u015flemleri h\u0131zland\u0131rmas\u0131n\u0131 isteyen Sar\u0131g\u00f6l Ziraat Odas\u0131 Ba\u015fkan\u0131 Ali \u0130hsan \u00dclgen, &#8220;Sar\u0131g\u00f6l Ovas\u0131nda 113 bin dekarl\u0131k alanda \u00fcz\u00fcm \u00dclk\u00fc yap\u0131l\u0131yor. \u0130l\u00e7e genelinde dokuz \u00e7e\u015fit \u00fcz\u00fcm yeti\u015ftirilmektedir.kaliteli \u00fcz\u00fcmlerimiz \u00f6rt\u00fc altona al\u0131narak Ocak ay\u0131na kadar hasat edilmektedir. Ba\u011flarda binlerce ton \u00fcz\u00fcm\u00fcm\u00fcz bekliyor kesimlerde devam etmektedir. Ya\u015f \u00fcz\u00fcmlerimizin i\u00e7 ve d\u0131\u015f piyasada de\u011ferlenirken bir k\u0131sm\u0131 da kurutuluyor. Ancak \u00fcz\u00fcmde ihracat\u00e7\u0131m kesimlerin h\u0131z kazanmas\u0131n\u0131 istiyoruz&#8221; diye konu\u015ftu.<br \/><\/p>\n","protected":false},"excerpt":{"rendered":"<p>Manisa\u2019n\u0131n Sar\u0131g\u00f6l il\u00e7esinden d\u00fcnya sofralar\u0131na Sultani \u00e7ekirdeksiz \u00fcz\u00fcm\u00fc yeti\u015ftiren \u00e7ift\u00e7iler ihracat i\u00e7in t\u00fcccarlar\u0131n elini \u00e7abuk tutarak \u00fcz\u00fcm kesimlerine bir an \u00f6nce ba\u015flamas\u0131n\u0131 talep etti. Manisa\u2019n\u0131n Sar\u0131g\u00f6l il\u00e7esinde yeti\u015ftirilen d\u00fcnyaca \u00fcnl\u00fc Sultani \u00e7ekirdeksiz \u00fcz\u00fcm\u00fc \u00f6rt\u00fc alt\u0131nda hasat edilmeyi bekliyor. 113 bin dekarl\u0131k alanda \u00fcretimi yap\u0131lan \u00fcz\u00fcm\u00fcn \u00f6rt\u00fc alt\u0131nda bekletilmemesini isteyen \u00fcreticiler, ihracat \u00fcr\u00fcn\u00fc \u00fcz\u00fcmlerin bir an&#8230;<\/p>\n","protected":false},"author":1,"featured_media":60894,"comment_status":"open","ping_status":"open","sticky":false,"template":"","format":"standard","meta":{"_crdt_document":"","footnotes":""},"categories":[125],"tags":[],"class_list":["post-60893","post","type-post","status-publish","format-standard","has-post-thumbnail","hentry","category-ekonomi"],"_links":{"self":[{"href":"https:\/\/www.egemtv.com\/index.php?rest_route=\/wp\/v2\/posts\/60893","targetHints":{"allow":["GET"]}}],"collection":[{"href":"https:\/\/www.egemtv.com\/index.php?rest_route=\/wp\/v2\/posts"}],"about":[{"href":"https:\/\/www.egemtv.com\/index.php?rest_route=\/wp\/v2\/types\/post"}],"author":[{"embeddable":true,"href":"https:\/\/www.egemtv.com\/index.php?rest_route=\/wp\/v2\/users\/1"}],"replies":[{"embeddable":true,"href":"https:\/\/www.egemtv.com\/index.php?rest_route=%2Fwp%2Fv2%2Fcomments&post=60893"}],"version-history":[{"count":1,"href":"https:\/\/www.egemtv.com\/index.php?rest_route=\/wp\/v2\/posts\/60893\/revisions"}],"predecessor-version":[{"id":60895,"href":"https:\/\/www.egemtv.com\/index.php?rest_route=\/wp\/v2\/posts\/60893\/revisions\/60895"}],"wp:featuredmedia":[{"embeddable":true,"href":"https:\/\/www.egemtv.com\/index.php?rest_route=\/wp\/v2\/media\/60894"}],"wp:attachment":[{"href":"https:\/\/www.egemtv.com\/index.php?rest_route=%2Fwp%2Fv2%2Fmedia&parent=60893"}],"wp:term":[{"taxonomy":"category","embeddable":true,"href":"https:\/\/www.egemtv.com\/index.php?rest_route=%2Fwp%2Fv2%2Fcategories&post=60893"},{"taxonomy":"post_tag","embeddable":true,"href":"https:\/\/www.egemtv.com\/index.php?rest_route=%2Fwp%2Fv2%2Ftags&post=60893"}],"curies":[{"name":"wp","href":"https:\/\/api.w.org\/{rel}","templated":true}]}}