{"id":60890,"date":"2025-10-12T12:55:40","date_gmt":"2025-10-12T09:55:40","guid":{"rendered":"https:\/\/www.egemtv.com\/?p=60890"},"modified":"2025-10-12T12:55:41","modified_gmt":"2025-10-12T09:55:41","slug":"manisa-lisesi-mezunlarindan-sader-muzesine-yogun-ilgi","status":"publish","type":"post","link":"https:\/\/www.egemtv.com\/?p=60890","title":{"rendered":"Manisa Lisesi mezunlar\u0131ndan SADER M\u00fczesine yo\u011fun ilgi"},"content":{"rendered":"<p>Manisa Lisesi\u2019nin 1970 mezunlar\u0131 Sar\u0131g\u00f6l Tabiat ve Do\u011fa Vard\u0131klar\u0131n\u0131 Koruma Derne\u011fi\u2019nin (SADER) etnografya m\u00fcze alan\u0131n\u0131 ziyaret ederek Ba\u015fkan Salih Yap\u0131c\u0131\u2019dan bilgi ald\u0131.<br \/>\n<br \/>Manisa Lisesi\u2019nden 1970\u2019li y\u0131llarda mezun olan bir grup, Sar\u0131g\u00f6l Sarkoop Ba\u015fkan\u0131 Emine \u00d6zy\u0131ld\u0131z Aygan rehberli\u011finde SADER etnografya m\u00fcze alan\u0131n\u0131 ziyaret etti. Ba\u015fkan Salih Yap\u0131c\u0131\u2019dan bilgiler alan Manisa Lisesi mezunlar\u0131 il\u00e7e ziyaretinden memnun olduklar\u0131n\u0131 belirterek gurup olarak gezi yapt\u0131klar\u0131n\u0131 ifade ettiler.<br \/>\n<br \/>Manisa Lisesi mezunlar\u0131n\u0131 m\u00fczede a\u011f\u0131rlad\u0131klar\u0131ndan dolay\u0131 memnun olduklar\u0131n\u0131 belirten SADER Ba\u015fkan\u0131 Salih Yap\u0131c\u0131, &#8220;Manisa Lisesi 1970 mezunlar\u0131ndan bir gurup il\u00e7emizi ziyareti s\u0131ras\u0131nda Sar\u0131g\u00f6l ve \u00e7evresinden toplad\u0131\u011f\u0131m\u0131z il\u00e7emize ait binlerce eserin bulundu\u011fu etnografya m\u00fcze alan\u0131m\u0131z\u0131n kap\u0131lar\u0131n\u0131 a\u00e7t\u0131k gezdiler m\u00fcze hakk\u0131nda ve ilgin\u00e7 eserler hakk\u0131nda bilgler ald\u0131lar. Memnun oldular bizlerde 1970 y\u0131l\u0131 Manisa Lisesi mezunlar\u0131n\u0131 a\u011f\u0131rlamaktan memnun olduk&#8221; dedi.<br \/><\/p>\n","protected":false},"excerpt":{"rendered":"<p>Manisa Lisesi\u2019nin 1970 mezunlar\u0131 Sar\u0131g\u00f6l Tabiat ve Do\u011fa Vard\u0131klar\u0131n\u0131 Koruma Derne\u011fi\u2019nin (SADER) etnografya m\u00fcze alan\u0131n\u0131 ziyaret ederek Ba\u015fkan Salih Yap\u0131c\u0131\u2019dan bilgi ald\u0131. Manisa Lisesi\u2019nden 1970\u2019li y\u0131llarda mezun olan bir grup, Sar\u0131g\u00f6l Sarkoop Ba\u015fkan\u0131 Emine \u00d6zy\u0131ld\u0131z Aygan rehberli\u011finde SADER etnografya m\u00fcze alan\u0131n\u0131 ziyaret etti. Ba\u015fkan Salih Yap\u0131c\u0131\u2019dan bilgiler alan Manisa Lisesi mezunlar\u0131 il\u00e7e ziyaretinden memnun olduklar\u0131n\u0131&#8230;<\/p>\n","protected":false},"author":1,"featured_media":60891,"comment_status":"open","ping_status":"open","sticky":false,"template":"","format":"standard","meta":{"_crdt_document":"","footnotes":""},"categories":[1],"tags":[],"class_list":["post-60890","post","type-post","status-publish","format-standard","has-post-thumbnail","hentry","category-guncel"],"_links":{"self":[{"href":"https:\/\/www.egemtv.com\/index.php?rest_route=\/wp\/v2\/posts\/60890","targetHints":{"allow":["GET"]}}],"collection":[{"href":"https:\/\/www.egemtv.com\/index.php?rest_route=\/wp\/v2\/posts"}],"about":[{"href":"https:\/\/www.egemtv.com\/index.php?rest_route=\/wp\/v2\/types\/post"}],"author":[{"embeddable":true,"href":"https:\/\/www.egemtv.com\/index.php?rest_route=\/wp\/v2\/users\/1"}],"replies":[{"embeddable":true,"href":"https:\/\/www.egemtv.com\/index.php?rest_route=%2Fwp%2Fv2%2Fcomments&post=60890"}],"version-history":[{"count":1,"href":"https:\/\/www.egemtv.com\/index.php?rest_route=\/wp\/v2\/posts\/60890\/revisions"}],"predecessor-version":[{"id":60892,"href":"https:\/\/www.egemtv.com\/index.php?rest_route=\/wp\/v2\/posts\/60890\/revisions\/60892"}],"wp:featuredmedia":[{"embeddable":true,"href":"https:\/\/www.egemtv.com\/index.php?rest_route=\/wp\/v2\/media\/60891"}],"wp:attachment":[{"href":"https:\/\/www.egemtv.com\/index.php?rest_route=%2Fwp%2Fv2%2Fmedia&parent=60890"}],"wp:term":[{"taxonomy":"category","embeddable":true,"href":"https:\/\/www.egemtv.com\/index.php?rest_route=%2Fwp%2Fv2%2Fcategories&post=60890"},{"taxonomy":"post_tag","embeddable":true,"href":"https:\/\/www.egemtv.com\/index.php?rest_route=%2Fwp%2Fv2%2Ftags&post=60890"}],"curies":[{"name":"wp","href":"https:\/\/api.w.org\/{rel}","templated":true}]}}