{"id":60887,"date":"2025-10-12T12:34:43","date_gmt":"2025-10-12T09:34:43","guid":{"rendered":"https:\/\/www.egemtv.com\/?p=60887"},"modified":"2025-10-12T12:34:44","modified_gmt":"2025-10-12T09:34:44","slug":"kusadasindan-dunyaya-baris-kardeslik-ve-dostluk-mesajlari-yollandi","status":"publish","type":"post","link":"https:\/\/www.egemtv.com\/?p=60887","title":{"rendered":"Ku\u015fadas\u0131\u2019ndan d\u00fcnyaya bar\u0131\u015f, karde\u015flik ve dostluk mesajlar\u0131 yolland\u0131"},"content":{"rendered":"<p>Ku\u015fadas\u0131 Belediyesi taraf\u0131ndan d\u00fczenlenen \u2018Ku\u015fadas\u0131 Uluslararas\u0131 Karde\u015f \u015eehirler Gen\u00e7lik Toplant\u0131s\u0131\u2019 final g\u00fcn\u00fcyle sona erdi. Tarihi Kervansaray\u2019da ger\u00e7ekle\u015ftirilen etkinlikte 8 farkl\u0131 \u00fclkeden gelen \u00f6\u011frenciler y\u00f6resel danslar\u0131n\u0131 sergilerken belediye ba\u015fkanlar\u0131 da imzalad\u0131klar\u0131 \u2018Bar\u0131\u015f ve K\u00fclt\u00fcr\u2019 deklarasyonuyla d\u00fcnyaya \u00f6nemli bir mesaj verdi.<\/p>\n<p>Ku\u015fadas\u0131 1 hafta boyunca \u2018Karde\u015f \u015eehirler Gen\u00e7lik Toplant\u0131s\u0131\u2019na ev sahipli\u011fi yapt\u0131. Bu kapsamda il\u00e7eye T\u00fcrkiye\u2019nin de oldu\u011fu 8 \u00fclkeden \u00f6\u011frencilerle beraber belediye ba\u015fkanlar\u0131 ve delegasyon \u00fcyeleri geldi. Program kapsam\u0131nda \u00f6\u011frenciler ve belediye ba\u015fkanlar\u0131 il\u00e7ede k\u00fclt\u00fcrel rotalar\u0131 gezip, etkinliklere kat\u0131ld\u0131. Program boyunca bar\u0131\u015f ve karde\u015flik mesajlar\u0131 verildi. Uluslararas\u0131 etkinlik, Tarihi Kervansaray\u2019da ger\u00e7ekle\u015ftirilen final g\u00fcn\u00fcyle son buldu. Programda, 8 farkl\u0131 \u00fclkeden gelen \u00f6\u011frenciler y\u00f6resel danslar\u0131n\u0131 sergilerken belediye ba\u015fkanlar\u0131 da imzalad\u0131klar\u0131 \u2018Bar\u0131\u015f ve K\u00fclt\u00fcr\u2019 deklarasyonuyla d\u00fcnyaya \u00f6nemli bir mesaj verdi. Etkinli\u011fi son b\u00f6l\u00fcm\u00fcnde, yabanc\u0131 \u00f6\u011frenciler Ku\u015fadas\u0131 Belediyesi Halk Danslar\u0131 Akademisi Spor Kul\u00fcb\u00fc (KU\u015eADANS) e\u011fitmenleri ile \u00f6\u011frendikleri T\u00fcrk Halk Danslar\u0131 g\u00f6sterilerini sundu.<\/p>\n<p>Etkinli\u011fin a\u00e7\u0131l\u0131\u015f konu\u015fmas\u0131n\u0131 yapan Ku\u015fadas\u0131 Belediye Ba\u015fkan Vekili Seyfi Seyhan Suvari, &#8220;\u00d6ncelikle herkesi Ku\u015fadas\u0131\u2019n\u0131n misafirperver halk\u0131 ad\u0131na sevgi ve sayg\u0131yla selaml\u0131yorum .Bir hafta boyunca kentimizde farkl\u0131 k\u00fclt\u00fcrlerden gelen gen\u00e7lerimizi a\u011f\u0131rlad\u0131k. Bu da bize farkl\u0131l\u0131klar\u0131n asl\u0131nda ileti\u015fim kurmak i\u00e7in bir engel olmad\u0131\u011f\u0131n\u0131 g\u00f6sterdi. Ku\u015fadas\u0131 Belediyesi olarak gen\u00e7lerin yar\u0131n\u0131n d\u00fcnyas\u0131n\u0131 \u015fekillendirecek olan en b\u00fcy\u00fck g\u00fc\u00e7 oldu\u011funa inan\u0131yoruz. Buradan verdi\u011fimiz mesaj \u00e7ok a\u00e7\u0131k. Gazze\u2019de ya\u015fanan katliamlara tan\u0131k olurken bu katliamlar\u0131n son bulmas\u0131 umudunu ta\u015f\u0131yoruz. Hep beraber umut ve bar\u0131\u015f dolu bir gelecek in\u015fa edebiliriz&#8221; diye konu\u015ftu.<br \/><\/p>\n","protected":false},"excerpt":{"rendered":"<p>Ku\u015fadas\u0131 Belediyesi taraf\u0131ndan d\u00fczenlenen \u2018Ku\u015fadas\u0131 Uluslararas\u0131 Karde\u015f \u015eehirler Gen\u00e7lik Toplant\u0131s\u0131\u2019 final g\u00fcn\u00fcyle sona erdi. Tarihi Kervansaray\u2019da ger\u00e7ekle\u015ftirilen etkinlikte 8 farkl\u0131 \u00fclkeden gelen \u00f6\u011frenciler y\u00f6resel danslar\u0131n\u0131 sergilerken belediye ba\u015fkanlar\u0131 da imzalad\u0131klar\u0131 \u2018Bar\u0131\u015f ve K\u00fclt\u00fcr\u2019 deklarasyonuyla d\u00fcnyaya \u00f6nemli bir mesaj verdi. Ku\u015fadas\u0131 1 hafta boyunca \u2018Karde\u015f \u015eehirler Gen\u00e7lik Toplant\u0131s\u0131\u2019na ev sahipli\u011fi yapt\u0131. Bu kapsamda il\u00e7eye T\u00fcrkiye\u2019nin de&#8230;<\/p>\n","protected":false},"author":1,"featured_media":60888,"comment_status":"open","ping_status":"open","sticky":false,"template":"","format":"standard","meta":{"_crdt_document":"","footnotes":""},"categories":[1],"tags":[],"class_list":["post-60887","post","type-post","status-publish","format-standard","has-post-thumbnail","hentry","category-guncel"],"_links":{"self":[{"href":"https:\/\/www.egemtv.com\/index.php?rest_route=\/wp\/v2\/posts\/60887","targetHints":{"allow":["GET"]}}],"collection":[{"href":"https:\/\/www.egemtv.com\/index.php?rest_route=\/wp\/v2\/posts"}],"about":[{"href":"https:\/\/www.egemtv.com\/index.php?rest_route=\/wp\/v2\/types\/post"}],"author":[{"embeddable":true,"href":"https:\/\/www.egemtv.com\/index.php?rest_route=\/wp\/v2\/users\/1"}],"replies":[{"embeddable":true,"href":"https:\/\/www.egemtv.com\/index.php?rest_route=%2Fwp%2Fv2%2Fcomments&post=60887"}],"version-history":[{"count":1,"href":"https:\/\/www.egemtv.com\/index.php?rest_route=\/wp\/v2\/posts\/60887\/revisions"}],"predecessor-version":[{"id":60889,"href":"https:\/\/www.egemtv.com\/index.php?rest_route=\/wp\/v2\/posts\/60887\/revisions\/60889"}],"wp:featuredmedia":[{"embeddable":true,"href":"https:\/\/www.egemtv.com\/index.php?rest_route=\/wp\/v2\/media\/60888"}],"wp:attachment":[{"href":"https:\/\/www.egemtv.com\/index.php?rest_route=%2Fwp%2Fv2%2Fmedia&parent=60887"}],"wp:term":[{"taxonomy":"category","embeddable":true,"href":"https:\/\/www.egemtv.com\/index.php?rest_route=%2Fwp%2Fv2%2Fcategories&post=60887"},{"taxonomy":"post_tag","embeddable":true,"href":"https:\/\/www.egemtv.com\/index.php?rest_route=%2Fwp%2Fv2%2Ftags&post=60887"}],"curies":[{"name":"wp","href":"https:\/\/api.w.org\/{rel}","templated":true}]}}