{"id":60884,"date":"2025-10-12T12:34:41","date_gmt":"2025-10-12T09:34:41","guid":{"rendered":"https:\/\/www.egemtv.com\/?p=60884"},"modified":"2025-10-12T12:34:42","modified_gmt":"2025-10-12T09:34:42","slug":"incirliovada-ciftciden-incirde-fiyat-tepkisi","status":"publish","type":"post","link":"https:\/\/www.egemtv.com\/?p=60884","title":{"rendered":"\u0130ncirliova\u2019da \u00e7ift\u00e7iden incirde fiyat tepkisi"},"content":{"rendered":"<p>Ayd\u0131n\u2019\u0131n \u0130ncirliova il\u00e7esine ba\u011fl\u0131 E\u011frek Mahallesi\u2019nde ya\u015fayan \u00fcretici Esma Kayg\u0131s\u0131z, b\u00fcy\u00fck emekle yeti\u015ftirdikleri incirin yok pahas\u0131na sat\u0131lmas\u0131na tepki g\u00f6sterdi. \u00c7ift\u00e7iler, hem Tari\u015f\u2019in al\u0131m s\u00fcrecini erken sonland\u0131rmas\u0131 hem de t\u00fcccarlar\u0131n fiyatlar\u0131 d\u00fc\u015f\u00fcrmesi nedeniyle zor g\u00fcnler ge\u00e7iriyor.<\/p>\n<p>\u0130ncirin en d\u00fc\u015f\u00fck kalitesine sezon ba\u015f\u0131nda 280 TL taban fiyat a\u00e7\u0131klanmas\u0131na ra\u011fmen, \u015fu g\u00fcnlerde fiyatlar\u0131n 150 TL\u2019ye kadar geriledi\u011fini belirten Kayg\u0131s\u0131z, \u00fcreticilerin eme\u011finin kar\u015f\u0131l\u0131\u011f\u0131n\u0131 alamad\u0131\u011f\u0131n\u0131 dile getirdi. Kayg\u0131s\u0131z, ya\u015fad\u0131klar\u0131 s\u0131k\u0131nt\u0131lar\u0131, &#8220;Zeytinya\u011f\u0131m\u0131z da bu sene para etmedi. 100 liraya kadar d\u00fc\u015f\u00fcrd\u00fcler. \u0130ncir \u00e7iftine 6 bin lira istediler, ile\u011fi ve g\u00fcbreyi 1000 TL\u2019den ald\u0131k. Budama i\u015fi ba\u015fl\u0131 ba\u015f\u0131na bir zahmet. \u015eimdi incir 150 liraya d\u00fc\u015ft\u00fc. \u00c7ift\u00e7inin baca\u011f\u0131ndan tuttular, pald\u0131r k\u00fcld\u00fcr s\u00fcr\u00fckl\u00fcyorlar&#8221; s\u00f6zleri ile dile getirdi.<\/p>\n<p>Yetkililere \u00e7a\u011fr\u0131: &#8220;Bu i\u015fi sahipsiz b\u0131rakmay\u0131n&#8221;<br \/>\n<br \/>Tar\u0131mda \u00fcretim maliyetlerinin h\u0131zla artt\u0131\u011f\u0131n\u0131 ancak \u00fcr\u00fcn\u00fcn para etmedi\u011fini vurgulayan Kayg\u0131s\u0131z, Tari\u015f M\u00fcd\u00fcr\u00fc\u2019ne ve \u0130l\u00e7e Tar\u0131m M\u00fcd\u00fcr\u00fc\u2019ne \u00e7a\u011fr\u0131da bulunarak, \u00e7ift\u00e7iye sahip \u00e7\u0131k\u0131lmas\u0131n\u0131 istedi. \u0130ncir \u00fcretiminin Ayd\u0131n ekonomisi i\u00e7in hayati \u00f6nemde oldu\u011funu hat\u0131rlatan Kayg\u0131s\u0131z, &#8220;Milletin efendisi k\u00f6yl\u00fc deniyor ama kimse k\u00f6yl\u00fcn\u00fcn, \u00e7ift\u00e7inin yan\u0131nda de\u011fil. Bu i\u015fe bir el ats\u0131nlar. \u0130ncir \u00fcreticisi sahipsiz kalmas\u0131n&#8221; dedi.<br \/><\/p>\n","protected":false},"excerpt":{"rendered":"<p>Ayd\u0131n\u2019\u0131n \u0130ncirliova il\u00e7esine ba\u011fl\u0131 E\u011frek Mahallesi\u2019nde ya\u015fayan \u00fcretici Esma Kayg\u0131s\u0131z, b\u00fcy\u00fck emekle yeti\u015ftirdikleri incirin yok pahas\u0131na sat\u0131lmas\u0131na tepki g\u00f6sterdi. \u00c7ift\u00e7iler, hem Tari\u015f\u2019in al\u0131m s\u00fcrecini erken sonland\u0131rmas\u0131 hem de t\u00fcccarlar\u0131n fiyatlar\u0131 d\u00fc\u015f\u00fcrmesi nedeniyle zor g\u00fcnler ge\u00e7iriyor. \u0130ncirin en d\u00fc\u015f\u00fck kalitesine sezon ba\u015f\u0131nda 280 TL taban fiyat a\u00e7\u0131klanmas\u0131na ra\u011fmen, \u015fu g\u00fcnlerde fiyatlar\u0131n 150 TL\u2019ye kadar geriledi\u011fini belirten&#8230;<\/p>\n","protected":false},"author":1,"featured_media":60885,"comment_status":"open","ping_status":"open","sticky":false,"template":"","format":"standard","meta":{"_crdt_document":"","footnotes":""},"categories":[1],"tags":[],"class_list":["post-60884","post","type-post","status-publish","format-standard","has-post-thumbnail","hentry","category-guncel"],"_links":{"self":[{"href":"https:\/\/www.egemtv.com\/index.php?rest_route=\/wp\/v2\/posts\/60884","targetHints":{"allow":["GET"]}}],"collection":[{"href":"https:\/\/www.egemtv.com\/index.php?rest_route=\/wp\/v2\/posts"}],"about":[{"href":"https:\/\/www.egemtv.com\/index.php?rest_route=\/wp\/v2\/types\/post"}],"author":[{"embeddable":true,"href":"https:\/\/www.egemtv.com\/index.php?rest_route=\/wp\/v2\/users\/1"}],"replies":[{"embeddable":true,"href":"https:\/\/www.egemtv.com\/index.php?rest_route=%2Fwp%2Fv2%2Fcomments&post=60884"}],"version-history":[{"count":1,"href":"https:\/\/www.egemtv.com\/index.php?rest_route=\/wp\/v2\/posts\/60884\/revisions"}],"predecessor-version":[{"id":60886,"href":"https:\/\/www.egemtv.com\/index.php?rest_route=\/wp\/v2\/posts\/60884\/revisions\/60886"}],"wp:featuredmedia":[{"embeddable":true,"href":"https:\/\/www.egemtv.com\/index.php?rest_route=\/wp\/v2\/media\/60885"}],"wp:attachment":[{"href":"https:\/\/www.egemtv.com\/index.php?rest_route=%2Fwp%2Fv2%2Fmedia&parent=60884"}],"wp:term":[{"taxonomy":"category","embeddable":true,"href":"https:\/\/www.egemtv.com\/index.php?rest_route=%2Fwp%2Fv2%2Fcategories&post=60884"},{"taxonomy":"post_tag","embeddable":true,"href":"https:\/\/www.egemtv.com\/index.php?rest_route=%2Fwp%2Fv2%2Ftags&post=60884"}],"curies":[{"name":"wp","href":"https:\/\/api.w.org\/{rel}","templated":true}]}}