{"id":60881,"date":"2025-10-12T11:14:56","date_gmt":"2025-10-12T08:14:56","guid":{"rendered":"https:\/\/www.egemtv.com\/?p=60881"},"modified":"2025-10-12T11:14:57","modified_gmt":"2025-10-12T08:14:57","slug":"mesaide-can-kurtariyor-mesaiden-sonra-en-agir-kilolari-kaldiriyor","status":"publish","type":"post","link":"https:\/\/www.egemtv.com\/?p=60881","title":{"rendered":"Mesaide can kurtar\u0131yor, mesaiden sonra en a\u011f\u0131r kilolar\u0131 kald\u0131r\u0131yor"},"content":{"rendered":"<p>Burdur\u2019da itfaiye eri olarak \u00e7al\u0131\u015fan ve 20 y\u0131ld\u0131r v\u00fccut geli\u015ftirme sporu ile u\u011frasan Mutlu Bulut (44), spor sayesinde t\u00fcm i\u015flerin alt\u0131ndan kalkabildi\u011fini belirterek, hedefinin milli tak\u0131mla birlikte yar\u0131\u015fmak oldu\u011funu ifade etti.<br \/>\n<br \/>Burdur Belediyesinde 13 y\u0131ld\u0131r itfaiye eri olarak \u00e7al\u0131\u015fan Mutlu Bulut, 20 y\u0131ld\u0131r da v\u00fccut geli\u015ftirme sporu ile u\u011fra\u015f\u0131yor. Son 5 y\u0131lda profesyonel bir \u015fekilde v\u00fccut geli\u015ftirme sporuna y\u00f6nelen Bulut, bu s\u00fcrede kat\u0131ld\u0131\u011f\u0131 5 yar\u0131\u015fmadan da ba\u015far\u0131 ile d\u00f6nd\u00fc. T\u00fcrkiye genelinde yap\u0131lan yar\u0131\u015fmalarda dereceler elde eden Bulut, Avrupa \u015fampiyonas\u0131nda da 5. olarak \u00fclkesini temsil etti. Yo\u011fun mesaisinin ard\u0131ndan spor salona giden Bulut, d\u00fczenli olarak \u00e7al\u0131\u015fmaya devam ediyor. Zorlu olan itfaiyecilik mesle\u011fini yapt\u0131\u011f\u0131 spor ile kolayla\u015ft\u0131ran Bulut, 2026 y\u0131l\u0131nda milli tak\u0131m se\u00e7melerine girerek ay-y\u0131ld\u0131zl\u0131 forma alt\u0131nda \u00fclkesini temsil etmeyi hedefliyor.<\/p>\n<p>&#8220;Tekrardan yar\u0131\u015flara ve milli tak\u0131m se\u00e7melerine kat\u0131lmay\u0131 d\u00fc\u015f\u00fcn\u00fcyorum&#8221;<br \/>\n<br \/>Burdur Belediyesinde itfaiye eri olarak \u00e7al\u0131\u015ft\u0131\u011f\u0131n\u0131 belirten Mutlu Bulut, &#8220;Yakla\u015f\u0131k 20 y\u0131ld\u0131r v\u00fccut geli\u015ftirme sporu ile u\u011fra\u015f\u0131yorum. Profesyonel anlamda da 5 y\u0131ld\u0131r bu i\u015fi yapmaktay\u0131m. 5 y\u0131l i\u00e7erisinde toplam 4 yar\u0131\u015fa kat\u0131ld\u0131m. Biri Avrupa \u015eampiyonas\u0131 olmak \u00fczere buralardan derece ile d\u00f6nd\u00fcm. T\u00fcrkiye\u2019de ikincilik, \u00fc\u00e7\u00fcnc\u00fcl\u00fck ve T\u00fcrkiye \u015fampiyonlu\u011fum var. Profesyonel anlamda i\u015fimizi devam ettirmek i\u00e7in s\u00fcrekli \u00e7al\u0131\u015fmak gerekiyor. Tekrardan yar\u0131\u015flara ve milli tak\u0131m se\u00e7melerine kat\u0131lmay\u0131 d\u00fc\u015f\u00fcn\u00fcyorum. \u0130tfaiyecilik, zorlu meslek gruplar\u0131 aras\u0131nda yer alan bir meslek. Bu y\u00fczden fiziksel ve mental dayan\u0131kl\u0131l\u0131\u011f\u0131n\u0131z\u0131n iyi olmas\u0131 gerekiyor. Bunlar\u0131 yaparken de sporun i\u00e7inde olmam\u0131z gerekiyor. \u00c7\u00fcnk\u00fc olaylarda daha faydal\u0131 olabilmemiz i\u00e7in spor i\u00e7inde olmam\u0131z laz\u0131m. \u0130tfaiye b\u00fcnyesinde de zaten spor e\u011fitimlerimiz var. Bu sayede sporun i\u00e7erisinde ben ve arkada\u015flar\u0131m var\u0131z&#8221; dedi.<\/p>\n<p>&#8220;\u00d6zellikle orman yang\u0131nlar\u0131nda, d\u0131\u015f g\u00f6revlerde sporun faydas\u0131n\u0131 \u00e7ok g\u00f6rd\u00fcm&#8221;<br \/>\n<br \/>Spor sayesinde i\u015flerini kolayla\u015ft\u0131\u011f\u0131n\u0131 s\u00f6yleyen Bulut, &#8220;Benim sporcu olmam i\u015fimi kolayla\u015ft\u0131r\u0131yor. Yapt\u0131\u011f\u0131m\u0131z i\u015f a\u011f\u0131r bir i\u015f, zorlu bir meslek. Ben vakalarda g\u00fcc\u00fcm\u00fcn faydas\u0131n\u0131 \u00e7ok fazla g\u00f6r\u00fcyorum. \u00d6zellikle orman yang\u0131nlar\u0131nda, d\u0131\u015f g\u00f6revlerde faydas\u0131n\u0131 \u00e7ok g\u00f6rd\u00fcm. Gen\u00e7lere sporun i\u00e7erisinde yer almalar\u0131n\u0131 tavsiye ediyorum. Hem mesleki hem de ki\u015fisel sa\u011fl\u0131klar\u0131n\u0131 spor sayesinde korumu\u015f olacaklar. Gen\u00e7ler spor sayesinde sosyalle\u015fmi\u015f bile olacaklar o y\u00fczden spor \u00e7ok \u00f6nemli&#8221; \u015feklinde konu\u015ftu.<\/p>\n<p>M\u00fcd\u00fcr Ballak: &#8220;\u0130l d\u0131\u015f\u0131 g\u00f6revlerde ben hep Mutlu\u2019yu g\u00f6t\u00fcr\u00fcr\u00fcm&#8221;<br \/>\n<br \/>Burdur Belediyesi \u0130tfaiye M\u00fcd\u00fcr\u00fc Mehmet Ali Ballak, Mutlu Bulut\u2019un kendileri i\u00e7in gurur kayna\u011f\u0131 oldu\u011funu ifade ederek, &#8220;Mutlu bizim gururumuz. T\u00fcrkiye\u2019de ve Avrupa\u2019da bizleri temsil etti. \u0130lerleyen d\u00f6nemlerde de m\u00fcsabakalara kat\u0131larak bizi gururland\u0131racak. Mutlu \u00e7ok iyi \u00e7al\u0131\u015f\u0131yor. Bizim mesle\u011fimiz spor ile karde\u015f bir meslek. Bizler her ne kadar personelimizi burada g\u00fcnl\u00fck, haftal\u0131k ve ayl\u0131k spor e\u011fitimlerini yapt\u0131rsak da Mutlu onlar\u0131n 2-3 seviye \u00fczerinde. \u0130l d\u0131\u015f\u0131 g\u00f6revlerde ben hep Mutlu\u2019yu g\u00f6t\u00fcr\u00fcr\u00fcm&#8221; diye konu\u015ftu.<br \/><\/p>\n","protected":false},"excerpt":{"rendered":"<p>Burdur\u2019da itfaiye eri olarak \u00e7al\u0131\u015fan ve 20 y\u0131ld\u0131r v\u00fccut geli\u015ftirme sporu ile u\u011frasan Mutlu Bulut (44), spor sayesinde t\u00fcm i\u015flerin alt\u0131ndan kalkabildi\u011fini belirterek, hedefinin milli tak\u0131mla birlikte yar\u0131\u015fmak oldu\u011funu ifade etti. Burdur Belediyesinde 13 y\u0131ld\u0131r itfaiye eri olarak \u00e7al\u0131\u015fan Mutlu Bulut, 20 y\u0131ld\u0131r da v\u00fccut geli\u015ftirme sporu ile u\u011fra\u015f\u0131yor. Son 5 y\u0131lda profesyonel bir \u015fekilde&#8230;<\/p>\n","protected":false},"author":1,"featured_media":60882,"comment_status":"open","ping_status":"open","sticky":false,"template":"","format":"standard","meta":{"_crdt_document":"","footnotes":""},"categories":[4],"tags":[],"class_list":["post-60881","post","type-post","status-publish","format-standard","has-post-thumbnail","hentry","category-spor"],"_links":{"self":[{"href":"https:\/\/www.egemtv.com\/index.php?rest_route=\/wp\/v2\/posts\/60881","targetHints":{"allow":["GET"]}}],"collection":[{"href":"https:\/\/www.egemtv.com\/index.php?rest_route=\/wp\/v2\/posts"}],"about":[{"href":"https:\/\/www.egemtv.com\/index.php?rest_route=\/wp\/v2\/types\/post"}],"author":[{"embeddable":true,"href":"https:\/\/www.egemtv.com\/index.php?rest_route=\/wp\/v2\/users\/1"}],"replies":[{"embeddable":true,"href":"https:\/\/www.egemtv.com\/index.php?rest_route=%2Fwp%2Fv2%2Fcomments&post=60881"}],"version-history":[{"count":1,"href":"https:\/\/www.egemtv.com\/index.php?rest_route=\/wp\/v2\/posts\/60881\/revisions"}],"predecessor-version":[{"id":60883,"href":"https:\/\/www.egemtv.com\/index.php?rest_route=\/wp\/v2\/posts\/60881\/revisions\/60883"}],"wp:featuredmedia":[{"embeddable":true,"href":"https:\/\/www.egemtv.com\/index.php?rest_route=\/wp\/v2\/media\/60882"}],"wp:attachment":[{"href":"https:\/\/www.egemtv.com\/index.php?rest_route=%2Fwp%2Fv2%2Fmedia&parent=60881"}],"wp:term":[{"taxonomy":"category","embeddable":true,"href":"https:\/\/www.egemtv.com\/index.php?rest_route=%2Fwp%2Fv2%2Fcategories&post=60881"},{"taxonomy":"post_tag","embeddable":true,"href":"https:\/\/www.egemtv.com\/index.php?rest_route=%2Fwp%2Fv2%2Ftags&post=60881"}],"curies":[{"name":"wp","href":"https:\/\/api.w.org\/{rel}","templated":true}]}}