{"id":60878,"date":"2025-10-12T10:35:33","date_gmt":"2025-10-12T07:35:33","guid":{"rendered":"https:\/\/www.egemtv.com\/?p=60878"},"modified":"2025-10-12T10:35:35","modified_gmt":"2025-10-12T07:35:35","slug":"buharkentte-meyve-sinegiyle-mucadele-araliksiz-suruyor","status":"publish","type":"post","link":"https:\/\/www.egemtv.com\/?p=60878","title":{"rendered":"Buharkent\u2019te meyve sine\u011fiyle m\u00fccadele aral\u0131ks\u0131z s\u00fcr\u00fcyor"},"content":{"rendered":"<p>Ayd\u0131n\u2019\u0131n Buharkent il\u00e7esinde, zeytin ve incir bah\u00e7elerinde zararl\u0131larla m\u00fccadele \u00e7al\u0131\u015fmalar\u0131 aral\u0131ks\u0131z devam ediyor.<br \/>\n<br \/>,<br \/>\n<br \/>Buharkent \u0130l\u00e7e Tar\u0131m ve Orman M\u00fcd\u00fcrl\u00fc\u011f\u00fc ekipleri Akdeniz meyve sine\u011fi ve zeytin sine\u011fine kar\u015f\u0131 bah\u00e7elere yerle\u015ftirilen tuzaklarda haftal\u0131k kontrollerini s\u00fcrd\u00fcr\u00fcyor. Buharkent \u0130l\u00e7e Tar\u0131m ve Orman M\u00fcd\u00fcrl\u00fc\u011f\u00fc\u2019nden yap\u0131lan a\u00e7\u0131klamada, &#8220;\u0130l\u00e7emizde g\u00f6revli teknik personellerimizle; incir ve zeytin bah\u00e7elerimize yerle\u015ftirdi\u011fimiz tuzaklarda haftal\u0131k kontrollerimize devam ediyoruz. Akdeniz Meyve Sine\u011fi (Ceratitis capitata) Zeytin Sine\u011fi (Bactrocera oleae)&#8221; ifadelerine yer verildi. Yetkililer, zararl\u0131 pop\u00fclasyonunun takibi ve muhtemel \u00fcr\u00fcn kay\u0131plar\u0131n\u0131n \u00f6nlenmesi amac\u0131yla y\u00fcr\u00fct\u00fclen bu kontrollerin \u00fcretim sezonu boyunca d\u00fczenli olarak devam edece\u011fini belirtti.<br \/><\/p>\n","protected":false},"excerpt":{"rendered":"<p>Ayd\u0131n\u2019\u0131n Buharkent il\u00e7esinde, zeytin ve incir bah\u00e7elerinde zararl\u0131larla m\u00fccadele \u00e7al\u0131\u015fmalar\u0131 aral\u0131ks\u0131z devam ediyor. , Buharkent \u0130l\u00e7e Tar\u0131m ve Orman M\u00fcd\u00fcrl\u00fc\u011f\u00fc ekipleri Akdeniz meyve sine\u011fi ve zeytin sine\u011fine kar\u015f\u0131 bah\u00e7elere yerle\u015ftirilen tuzaklarda haftal\u0131k kontrollerini s\u00fcrd\u00fcr\u00fcyor. Buharkent \u0130l\u00e7e Tar\u0131m ve Orman M\u00fcd\u00fcrl\u00fc\u011f\u00fc\u2019nden yap\u0131lan a\u00e7\u0131klamada, &#8220;\u0130l\u00e7emizde g\u00f6revli teknik personellerimizle; incir ve zeytin bah\u00e7elerimize yerle\u015ftirdi\u011fimiz tuzaklarda haftal\u0131k kontrollerimize devam&#8230;<\/p>\n","protected":false},"author":1,"featured_media":60879,"comment_status":"open","ping_status":"open","sticky":false,"template":"","format":"standard","meta":{"_crdt_document":"","footnotes":""},"categories":[1],"tags":[],"class_list":["post-60878","post","type-post","status-publish","format-standard","has-post-thumbnail","hentry","category-guncel"],"_links":{"self":[{"href":"https:\/\/www.egemtv.com\/index.php?rest_route=\/wp\/v2\/posts\/60878","targetHints":{"allow":["GET"]}}],"collection":[{"href":"https:\/\/www.egemtv.com\/index.php?rest_route=\/wp\/v2\/posts"}],"about":[{"href":"https:\/\/www.egemtv.com\/index.php?rest_route=\/wp\/v2\/types\/post"}],"author":[{"embeddable":true,"href":"https:\/\/www.egemtv.com\/index.php?rest_route=\/wp\/v2\/users\/1"}],"replies":[{"embeddable":true,"href":"https:\/\/www.egemtv.com\/index.php?rest_route=%2Fwp%2Fv2%2Fcomments&post=60878"}],"version-history":[{"count":1,"href":"https:\/\/www.egemtv.com\/index.php?rest_route=\/wp\/v2\/posts\/60878\/revisions"}],"predecessor-version":[{"id":60880,"href":"https:\/\/www.egemtv.com\/index.php?rest_route=\/wp\/v2\/posts\/60878\/revisions\/60880"}],"wp:featuredmedia":[{"embeddable":true,"href":"https:\/\/www.egemtv.com\/index.php?rest_route=\/wp\/v2\/media\/60879"}],"wp:attachment":[{"href":"https:\/\/www.egemtv.com\/index.php?rest_route=%2Fwp%2Fv2%2Fmedia&parent=60878"}],"wp:term":[{"taxonomy":"category","embeddable":true,"href":"https:\/\/www.egemtv.com\/index.php?rest_route=%2Fwp%2Fv2%2Fcategories&post=60878"},{"taxonomy":"post_tag","embeddable":true,"href":"https:\/\/www.egemtv.com\/index.php?rest_route=%2Fwp%2Fv2%2Ftags&post=60878"}],"curies":[{"name":"wp","href":"https:\/\/api.w.org\/{rel}","templated":true}]}}