{"id":60875,"date":"2025-10-12T10:35:31","date_gmt":"2025-10-12T07:35:31","guid":{"rendered":"https:\/\/www.egemtv.com\/?p=60875"},"modified":"2025-10-12T10:35:32","modified_gmt":"2025-10-12T07:35:32","slug":"bashekim-prof-dr-bozbastan-palyatif-bakim-calisanlarina-tesekkur","status":"publish","type":"post","link":"https:\/\/www.egemtv.com\/?p=60875","title":{"rendered":"Ba\u015fhekim Prof. Dr. Bozba\u015f\u2019tan palyatif bak\u0131m \u00e7al\u0131\u015fanlar\u0131na te\u015fekk\u00fcr"},"content":{"rendered":"<p>Ayd\u0131n Devlet Hastanesi\u2019nde D\u00fcnya Palyatif Bak\u0131m G\u00fcn\u00fc dolay\u0131s\u0131yla anlaml\u0131 bir ziyaret ger\u00e7ekle\u015ftirilirken Hastane Ba\u015fhekimi Prof. Dr. G\u00fclnur Ta\u015f\u00e7\u0131 Bozba\u015f, &#8220;Palyatif bak\u0131m, insan\u0131n ya\u015fam kalitesini korumaya ve onurlu bir \u015fekilde ya\u015famas\u0131na katk\u0131 sa\u011flayan bir hizmettir&#8221; dedi.<\/p>\n<p>Ayd\u0131n Devlet Hastanesi Ba\u015fhekimi Prof. Dr. G\u00fclnur Ta\u015f\u00e7\u0131 Bozba\u015f ve hastane y\u00f6neticileri, Palyatif Bak\u0131m Merkezi\u2019ni ziyaret ederek hasta ve hasta yak\u0131nlar\u0131yla bir araya geldi. Ziyarette, hastalar\u0131n genel durumlar\u0131 hakk\u0131nda bilgi al\u0131n\u0131rken tedavi s\u00fcre\u00e7leri de de\u011ferlendirildi. Ba\u015fhekim Prof. Dr. G\u00fclnur Ta\u015f\u00e7\u0131 Bozba\u015f, merkezde g\u00f6rev yapan uzman doktor, psikolog, manevi destek eleman\u0131, fizyoterapist, sosyal \u00e7al\u0131\u015fmac\u0131, diyetisyen, gerontolog, hem\u015fire, ya\u015fl\u0131 bak\u0131m teknikeri ve toplum sa\u011fl\u0131\u011f\u0131 teknisyeni ile bir araya gelerek y\u00fcr\u00fct\u00fclen \u00e7al\u0131\u015fmalar hakk\u0131nda isti\u015farede bulundu. Palyatif bak\u0131m\u0131n sadece t\u0131bbi de\u011fil, ayn\u0131 zamanda manevi y\u00f6n\u00fcyle de b\u00fcy\u00fck \u00f6nem ta\u015f\u0131d\u0131\u011f\u0131n\u0131 vurgulayan Prof. Dr. Bozba\u015f, &#8220;Hastalar\u0131m\u0131za sevgiyle ve sab\u0131rla hizmet eden t\u00fcm ekip arkada\u015flar\u0131ma te\u015fekk\u00fcr ediyorum. Palyatif bak\u0131m, insan\u0131n ya\u015fam kalitesini korumaya ve onurlu bir \u015fekilde ya\u015famas\u0131na katk\u0131 sa\u011flayan bir hizmettir&#8221; ifadelerini kulland\u0131.<br \/><\/p>\n","protected":false},"excerpt":{"rendered":"<p>Ayd\u0131n Devlet Hastanesi\u2019nde D\u00fcnya Palyatif Bak\u0131m G\u00fcn\u00fc dolay\u0131s\u0131yla anlaml\u0131 bir ziyaret ger\u00e7ekle\u015ftirilirken Hastane Ba\u015fhekimi Prof. Dr. G\u00fclnur Ta\u015f\u00e7\u0131 Bozba\u015f, &#8220;Palyatif bak\u0131m, insan\u0131n ya\u015fam kalitesini korumaya ve onurlu bir \u015fekilde ya\u015famas\u0131na katk\u0131 sa\u011flayan bir hizmettir&#8221; dedi. Ayd\u0131n Devlet Hastanesi Ba\u015fhekimi Prof. Dr. G\u00fclnur Ta\u015f\u00e7\u0131 Bozba\u015f ve hastane y\u00f6neticileri, Palyatif Bak\u0131m Merkezi\u2019ni ziyaret ederek hasta ve hasta&#8230;<\/p>\n","protected":false},"author":1,"featured_media":60876,"comment_status":"open","ping_status":"open","sticky":false,"template":"","format":"standard","meta":{"_crdt_document":"","footnotes":""},"categories":[1],"tags":[],"class_list":["post-60875","post","type-post","status-publish","format-standard","has-post-thumbnail","hentry","category-guncel"],"_links":{"self":[{"href":"https:\/\/www.egemtv.com\/index.php?rest_route=\/wp\/v2\/posts\/60875","targetHints":{"allow":["GET"]}}],"collection":[{"href":"https:\/\/www.egemtv.com\/index.php?rest_route=\/wp\/v2\/posts"}],"about":[{"href":"https:\/\/www.egemtv.com\/index.php?rest_route=\/wp\/v2\/types\/post"}],"author":[{"embeddable":true,"href":"https:\/\/www.egemtv.com\/index.php?rest_route=\/wp\/v2\/users\/1"}],"replies":[{"embeddable":true,"href":"https:\/\/www.egemtv.com\/index.php?rest_route=%2Fwp%2Fv2%2Fcomments&post=60875"}],"version-history":[{"count":1,"href":"https:\/\/www.egemtv.com\/index.php?rest_route=\/wp\/v2\/posts\/60875\/revisions"}],"predecessor-version":[{"id":60877,"href":"https:\/\/www.egemtv.com\/index.php?rest_route=\/wp\/v2\/posts\/60875\/revisions\/60877"}],"wp:featuredmedia":[{"embeddable":true,"href":"https:\/\/www.egemtv.com\/index.php?rest_route=\/wp\/v2\/media\/60876"}],"wp:attachment":[{"href":"https:\/\/www.egemtv.com\/index.php?rest_route=%2Fwp%2Fv2%2Fmedia&parent=60875"}],"wp:term":[{"taxonomy":"category","embeddable":true,"href":"https:\/\/www.egemtv.com\/index.php?rest_route=%2Fwp%2Fv2%2Fcategories&post=60875"},{"taxonomy":"post_tag","embeddable":true,"href":"https:\/\/www.egemtv.com\/index.php?rest_route=%2Fwp%2Fv2%2Ftags&post=60875"}],"curies":[{"name":"wp","href":"https:\/\/api.w.org\/{rel}","templated":true}]}}