{"id":60872,"date":"2025-10-12T09:55:52","date_gmt":"2025-10-12T06:55:52","guid":{"rendered":"https:\/\/www.egemtv.com\/?p=60872"},"modified":"2025-10-12T09:55:54","modified_gmt":"2025-10-12T06:55:54","slug":"didim-zeytin-festivalinde-zeytinyagi-tadim-rekoru-yenilendi","status":"publish","type":"post","link":"https:\/\/www.egemtv.com\/?p=60872","title":{"rendered":"Didim Zeytin Festivali\u2019nde \u2019zeytinya\u011f\u0131 tad\u0131m rekoru\u2019 yenilendi"},"content":{"rendered":"<p>Ayd\u0131n\u2019\u0131n Didim il\u00e7esinde bu y\u0131l 7. d\u00fczenlenen Didim Zeytin Festivali ge\u00e7en y\u0131l oldu\u011fu gibi bu y\u0131lda zeytinya\u011f\u0131 tad\u0131m rekoru k\u0131r\u0131ld\u0131.<\/p>\n<p>Didim\u2019de bu y\u0131l 7. d\u00fczenlenen Didim Zeytin Festivali\u2019nin ikinci g\u00fcn\u00fcnde bir \u00e7ok etkinlik ger\u00e7ekle\u015ftirildi. Hisar Mahallesi Apollon Tap\u0131na\u011f\u0131 \u00e7evresinde ger\u00e7ekle\u015ftirilen festivalin ikinci g\u00fcn\u00fcnde stantlarda zeytin ve zeytinyap\u011f\u0131 tad\u0131m\u0131 ve sat\u0131\u015flar\u0131 devam ederken, zeytin ya\u011fl\u0131 yemek yar\u0131\u015fmas\u0131 d\u00fczenlendi. Yar\u0131\u015fmada sadece zeytin ya\u011f\u0131yla b\u00f6r\u00fclce ve Pava yeme\u011fiyle kat\u0131l\u0131m yap\u0131l\u0131rken 18 yar\u0131\u015fmac\u0131n\u0131n yapt\u0131\u011f\u0131 yemekler j\u00fcri taraf\u0131ndan de\u011ferlendirmeye al\u0131nd\u0131.<\/p>\n<p>Festival kapsam\u0131nda \u2019zeytinya\u011f\u0131 tad\u0131m e\u011fitimi\u2019 verilirken, \u2019zeytinya\u011fl\u0131 mavraki\u2019 yeme\u011fi yap\u0131larak bilgiler verildi. Restore edilen \u015fapel binas\u0131nda \u2019zeytinya\u011f\u0131 ve sa\u011fl\u0131k\u2019 konulu panel d\u00fczenlenirken, Kos Adas\u0131\u2019ndan gelen \u015eef Kadri Memi\u015f taraf\u0131ndan karde\u015flik salatas\u0131 yap\u0131ld\u0131 ve vatanda\u015flara ikram edildi.<\/p>\n<p>Ge\u00e7ti\u011fimiz y\u0131l Apollon Tap\u0131na\u011f\u0131nda yap\u0131lan z\u2019eytinya\u011f\u0131 tad\u0131m rekoru\u2019 bu y\u0131lda yap\u0131larak rekor tazelendi. Rekor denemesi \u00f6ncesinde ise Yunanistan\u2019\u0131n Kos Adas\u0131\u2019ndan gelen \u2019Horokos\u2019 dans grubu taraf\u0131ndan zeytin ve tap\u0131nakla ilgili m\u00fczik e\u015fli\u011finde rit\u00fcel g\u00f6sterisi b\u00fcy\u00fck be\u011feni toplad\u0131.<\/p>\n<p>Didim Ziraat Odas\u0131 Ba\u015fkan\u0131 Dr. Hilmi Y\u0131ld\u0131r\u0131m Didim\u2019de zeytinin ge\u00e7mi\u015fi ve d\u00fcnyaca \u00fcnl\u00fc Milet\u2019li Tales\u2019in bu konuda yapt\u0131\u011f\u0131 \u00e7al\u0131\u015fmalarla ilgili bilgiler aktard\u0131. Ge\u00e7en y\u0131l 3 bin ki\u015fiyle yap\u0131lan rekor bu y\u0131l 3283 ki\u015fiyle yeniden tazelendi. Rekor denemesi \u00f6ncesinde Tap\u0131nak giri\u015finde vatanda\u015flara k\u00fc\u00e7\u00fck \u015fi\u015felerde zeytinya\u011f\u0131 da\u011f\u0131t\u0131m\u0131 yap\u0131ld\u0131. Ard\u0131ndan Ecz. Atilla Toto\u015f taraf\u0131ndan tad\u0131m\u0131n nas\u0131l yap\u0131laca\u011f\u0131 konusunda bilgiler verdi.<\/p>\n<p>Ard\u0131ndan Tap\u0131nak i\u00e7erisinde yer alan 3 bin 283 ki\u015fi ayn\u0131 anda zeytinya\u011f\u0131 tad\u0131m\u0131 yapt\u0131. Tad\u0131m sonras\u0131nda Didim Ziraat Odas\u0131 Ba\u015fkan\u0131 Hilmi Y\u0131ld\u0131r\u0131m bu say\u0131y\u0131 her y\u0131l artt\u0131rmay\u0131 planlad\u0131klar\u0131n\u0131 belirterek hedeflerinin Gu\u0131nness rekorlar kitab\u0131na girmek oldu\u011funu belirtti.<\/p>\n<p>Tad\u0131m rekoruna Didim Kaymakam\u0131 Mesut \u00c7oban, Didim Belediye Ba\u015fkan\u0131 Hatice Gen\u00e7ay, Didim Ziraat Odas\u0131 Ba\u015fkan\u0131 Hilmi Y\u0131ld\u0131r\u0131m, Didim Kent Konseyi Ba\u015fkan\u0131 Osman Ayy\u0131ld\u0131z ile baz\u0131 meclis \u00fcyeleri de kat\u0131ld\u0131. Belediye Ba\u015fkan\u0131 Hatice Gen\u00e7ay bu y\u0131lda yeni bir rekor k\u0131rman\u0131n mutlulu\u011fu i\u00e7erisinde olduklar\u0131n\u0131 kaydederek kat\u0131l\u0131m sa\u011flayanlara te\u015fekk\u00fcr etti.<br \/><\/p>\n","protected":false},"excerpt":{"rendered":"<p>Ayd\u0131n\u2019\u0131n Didim il\u00e7esinde bu y\u0131l 7. d\u00fczenlenen Didim Zeytin Festivali ge\u00e7en y\u0131l oldu\u011fu gibi bu y\u0131lda zeytinya\u011f\u0131 tad\u0131m rekoru k\u0131r\u0131ld\u0131. Didim\u2019de bu y\u0131l 7. d\u00fczenlenen Didim Zeytin Festivali\u2019nin ikinci g\u00fcn\u00fcnde bir \u00e7ok etkinlik ger\u00e7ekle\u015ftirildi. Hisar Mahallesi Apollon Tap\u0131na\u011f\u0131 \u00e7evresinde ger\u00e7ekle\u015ftirilen festivalin ikinci g\u00fcn\u00fcnde stantlarda zeytin ve zeytinyap\u011f\u0131 tad\u0131m\u0131 ve sat\u0131\u015flar\u0131 devam ederken, zeytin ya\u011fl\u0131 yemek&#8230;<\/p>\n","protected":false},"author":1,"featured_media":60873,"comment_status":"open","ping_status":"open","sticky":false,"template":"","format":"standard","meta":{"_crdt_document":"","footnotes":""},"categories":[1],"tags":[],"class_list":["post-60872","post","type-post","status-publish","format-standard","has-post-thumbnail","hentry","category-guncel"],"_links":{"self":[{"href":"https:\/\/www.egemtv.com\/index.php?rest_route=\/wp\/v2\/posts\/60872","targetHints":{"allow":["GET"]}}],"collection":[{"href":"https:\/\/www.egemtv.com\/index.php?rest_route=\/wp\/v2\/posts"}],"about":[{"href":"https:\/\/www.egemtv.com\/index.php?rest_route=\/wp\/v2\/types\/post"}],"author":[{"embeddable":true,"href":"https:\/\/www.egemtv.com\/index.php?rest_route=\/wp\/v2\/users\/1"}],"replies":[{"embeddable":true,"href":"https:\/\/www.egemtv.com\/index.php?rest_route=%2Fwp%2Fv2%2Fcomments&post=60872"}],"version-history":[{"count":1,"href":"https:\/\/www.egemtv.com\/index.php?rest_route=\/wp\/v2\/posts\/60872\/revisions"}],"predecessor-version":[{"id":60874,"href":"https:\/\/www.egemtv.com\/index.php?rest_route=\/wp\/v2\/posts\/60872\/revisions\/60874"}],"wp:featuredmedia":[{"embeddable":true,"href":"https:\/\/www.egemtv.com\/index.php?rest_route=\/wp\/v2\/media\/60873"}],"wp:attachment":[{"href":"https:\/\/www.egemtv.com\/index.php?rest_route=%2Fwp%2Fv2%2Fmedia&parent=60872"}],"wp:term":[{"taxonomy":"category","embeddable":true,"href":"https:\/\/www.egemtv.com\/index.php?rest_route=%2Fwp%2Fv2%2Fcategories&post=60872"},{"taxonomy":"post_tag","embeddable":true,"href":"https:\/\/www.egemtv.com\/index.php?rest_route=%2Fwp%2Fv2%2Ftags&post=60872"}],"curies":[{"name":"wp","href":"https:\/\/api.w.org\/{rel}","templated":true}]}}