{"id":60869,"date":"2025-10-12T07:34:31","date_gmt":"2025-10-12T04:34:31","guid":{"rendered":"https:\/\/www.egemtv.com\/?p=60869"},"modified":"2025-10-12T07:34:32","modified_gmt":"2025-10-12T04:34:32","slug":"mugla-ulada-4-1-buyuklugunde-deprem-meydana-geldi","status":"publish","type":"post","link":"https:\/\/www.egemtv.com\/?p=60869","title":{"rendered":"Mu\u011fla Ula\u2019da 4.1 b\u00fcy\u00fckl\u00fc\u011f\u00fcnde deprem meydana geldi"},"content":{"rendered":"<p>Mu\u011fla\u2019n\u0131n Ula il\u00e7esine ba\u011fl\u0131 Yaylas\u00f6\u011f\u00fct Mahallesi\u2019nde, 12 Ekim 2025 Pazar sabah\u0131 saat 06:40\u2019ta yerin 9.3 kilometre derinli\u011finde 4.1 b\u00fcy\u00fckl\u00fc\u011f\u00fcnde bir deprem meydana geldi.<br \/>\n<br \/>Kandilli Rasathanesi ve Deprem Ara\u015ft\u0131rma Enstit\u00fcs\u00fc (KRDAE) ile Afet ve Acil Durum Y\u00f6netimi Ba\u015fkanl\u0131\u011f\u0131 (AFAD) verilerine g\u00f6re depremin merkez \u00fcss\u00fc Yaylas\u00f6\u011f\u00fct-Ula (Mu\u011fla) olarak kaydedildi.<br \/>\n<br \/>AFAD ekipleri b\u00f6lgede \u00e7al\u0131\u015fmalar\u0131n\u0131 s\u00fcrd\u00fcr\u00fcyor.<br \/><\/p>\n","protected":false},"excerpt":{"rendered":"<p>Mu\u011fla\u2019n\u0131n Ula il\u00e7esine ba\u011fl\u0131 Yaylas\u00f6\u011f\u00fct Mahallesi\u2019nde, 12 Ekim 2025 Pazar sabah\u0131 saat 06:40\u2019ta yerin 9.3 kilometre derinli\u011finde 4.1 b\u00fcy\u00fckl\u00fc\u011f\u00fcnde bir deprem meydana geldi. Kandilli Rasathanesi ve Deprem Ara\u015ft\u0131rma Enstit\u00fcs\u00fc (KRDAE) ile Afet ve Acil Durum Y\u00f6netimi Ba\u015fkanl\u0131\u011f\u0131 (AFAD) verilerine g\u00f6re depremin merkez \u00fcss\u00fc Yaylas\u00f6\u011f\u00fct-Ula (Mu\u011fla) olarak kaydedildi. AFAD ekipleri b\u00f6lgede \u00e7al\u0131\u015fmalar\u0131n\u0131 s\u00fcrd\u00fcr\u00fcyor.<\/p>\n","protected":false},"author":1,"featured_media":60870,"comment_status":"open","ping_status":"open","sticky":false,"template":"","format":"standard","meta":{"_crdt_document":"","footnotes":""},"categories":[5],"tags":[],"class_list":["post-60869","post","type-post","status-publish","format-standard","has-post-thumbnail","hentry","category-asayis"],"_links":{"self":[{"href":"https:\/\/www.egemtv.com\/index.php?rest_route=\/wp\/v2\/posts\/60869","targetHints":{"allow":["GET"]}}],"collection":[{"href":"https:\/\/www.egemtv.com\/index.php?rest_route=\/wp\/v2\/posts"}],"about":[{"href":"https:\/\/www.egemtv.com\/index.php?rest_route=\/wp\/v2\/types\/post"}],"author":[{"embeddable":true,"href":"https:\/\/www.egemtv.com\/index.php?rest_route=\/wp\/v2\/users\/1"}],"replies":[{"embeddable":true,"href":"https:\/\/www.egemtv.com\/index.php?rest_route=%2Fwp%2Fv2%2Fcomments&post=60869"}],"version-history":[{"count":1,"href":"https:\/\/www.egemtv.com\/index.php?rest_route=\/wp\/v2\/posts\/60869\/revisions"}],"predecessor-version":[{"id":60871,"href":"https:\/\/www.egemtv.com\/index.php?rest_route=\/wp\/v2\/posts\/60869\/revisions\/60871"}],"wp:featuredmedia":[{"embeddable":true,"href":"https:\/\/www.egemtv.com\/index.php?rest_route=\/wp\/v2\/media\/60870"}],"wp:attachment":[{"href":"https:\/\/www.egemtv.com\/index.php?rest_route=%2Fwp%2Fv2%2Fmedia&parent=60869"}],"wp:term":[{"taxonomy":"category","embeddable":true,"href":"https:\/\/www.egemtv.com\/index.php?rest_route=%2Fwp%2Fv2%2Fcategories&post=60869"},{"taxonomy":"post_tag","embeddable":true,"href":"https:\/\/www.egemtv.com\/index.php?rest_route=%2Fwp%2Fv2%2Ftags&post=60869"}],"curies":[{"name":"wp","href":"https:\/\/api.w.org\/{rel}","templated":true}]}}