{"id":60866,"date":"2025-10-12T07:14:51","date_gmt":"2025-10-12T04:14:51","guid":{"rendered":"https:\/\/www.egemtv.com\/?p=60866"},"modified":"2025-10-12T07:14:51","modified_gmt":"2025-10-12T04:14:51","slug":"muglada-4-1-buyuklugunde-deprem","status":"publish","type":"post","link":"https:\/\/www.egemtv.com\/?p=60866","title":{"rendered":"Mu\u011fla\u2019da 4.1 b\u00fcy\u00fckl\u00fc\u011f\u00fcnde deprem"},"content":{"rendered":"<p>Afet ve Acil Durum Y\u00f6netimi Ba\u015fkanl\u0131\u011f\u0131 (AFAD), Mu\u011fla\u2019da 4.1 b\u00fcy\u00fckl\u00fc\u011f\u00fcnde deprem meydana geldi\u011fini a\u00e7\u0131klad\u0131.<br \/>\n<br \/>AFAD\u2019\u0131n payla\u015ft\u0131\u011f\u0131 bilgilere g\u00f6re, Mu\u011fla\u2019n\u0131n K\u00f6yce\u011fiz il\u00e7esinde saat 02.54\u2019te 4.1 b\u00fcy\u00fckl\u00fc\u011f\u00fcnde deprem meydana geldi. Merkezi K\u00f6yce\u011fiz il\u00e7esi olan depremin derinli\u011fi 12.01 kilometre olarak \u00f6l\u00e7\u00fcld\u00fc.<br \/><\/p>\n","protected":false},"excerpt":{"rendered":"<p>Afet ve Acil Durum Y\u00f6netimi Ba\u015fkanl\u0131\u011f\u0131 (AFAD), Mu\u011fla\u2019da 4.1 b\u00fcy\u00fckl\u00fc\u011f\u00fcnde deprem meydana geldi\u011fini a\u00e7\u0131klad\u0131. AFAD\u2019\u0131n payla\u015ft\u0131\u011f\u0131 bilgilere g\u00f6re, Mu\u011fla\u2019n\u0131n K\u00f6yce\u011fiz il\u00e7esinde saat 02.54\u2019te 4.1 b\u00fcy\u00fckl\u00fc\u011f\u00fcnde deprem meydana geldi. Merkezi K\u00f6yce\u011fiz il\u00e7esi olan depremin derinli\u011fi 12.01 kilometre olarak \u00f6l\u00e7\u00fcld\u00fc.<\/p>\n","protected":false},"author":1,"featured_media":60867,"comment_status":"open","ping_status":"open","sticky":false,"template":"","format":"standard","meta":{"_crdt_document":"","footnotes":""},"categories":[5],"tags":[],"class_list":["post-60866","post","type-post","status-publish","format-standard","has-post-thumbnail","hentry","category-asayis"],"_links":{"self":[{"href":"https:\/\/www.egemtv.com\/index.php?rest_route=\/wp\/v2\/posts\/60866","targetHints":{"allow":["GET"]}}],"collection":[{"href":"https:\/\/www.egemtv.com\/index.php?rest_route=\/wp\/v2\/posts"}],"about":[{"href":"https:\/\/www.egemtv.com\/index.php?rest_route=\/wp\/v2\/types\/post"}],"author":[{"embeddable":true,"href":"https:\/\/www.egemtv.com\/index.php?rest_route=\/wp\/v2\/users\/1"}],"replies":[{"embeddable":true,"href":"https:\/\/www.egemtv.com\/index.php?rest_route=%2Fwp%2Fv2%2Fcomments&post=60866"}],"version-history":[{"count":1,"href":"https:\/\/www.egemtv.com\/index.php?rest_route=\/wp\/v2\/posts\/60866\/revisions"}],"predecessor-version":[{"id":60868,"href":"https:\/\/www.egemtv.com\/index.php?rest_route=\/wp\/v2\/posts\/60866\/revisions\/60868"}],"wp:featuredmedia":[{"embeddable":true,"href":"https:\/\/www.egemtv.com\/index.php?rest_route=\/wp\/v2\/media\/60867"}],"wp:attachment":[{"href":"https:\/\/www.egemtv.com\/index.php?rest_route=%2Fwp%2Fv2%2Fmedia&parent=60866"}],"wp:term":[{"taxonomy":"category","embeddable":true,"href":"https:\/\/www.egemtv.com\/index.php?rest_route=%2Fwp%2Fv2%2Fcategories&post=60866"},{"taxonomy":"post_tag","embeddable":true,"href":"https:\/\/www.egemtv.com\/index.php?rest_route=%2Fwp%2Fv2%2Ftags&post=60866"}],"curies":[{"name":"wp","href":"https:\/\/api.w.org\/{rel}","templated":true}]}}