{"id":60863,"date":"2025-10-12T07:14:49","date_gmt":"2025-10-12T04:14:49","guid":{"rendered":"https:\/\/www.egemtv.com\/?p=60863"},"modified":"2025-10-12T07:14:50","modified_gmt":"2025-10-12T04:14:50","slug":"dugun-cerezi-hazirlayan-ailenin-basina-evin-tavani-coktu","status":"publish","type":"post","link":"https:\/\/www.egemtv.com\/?p=60863","title":{"rendered":"D\u00fc\u011f\u00fcn \u00e7erezi haz\u0131rlayan ailenin ba\u015f\u0131na evin tavan\u0131 \u00e7\u00f6kt\u00fc"},"content":{"rendered":"<p>Denizli\u2019de d\u00fc\u011f\u00fcnde da\u011f\u0131t\u0131lacak \u00e7erezlerin ambalajlanmas\u0131 i\u00e7in bir araya gelen akrabalar\u0131n bulundu\u011fu kerpi\u00e7 evin tavan\u0131 \u00e7\u00f6kt\u00fc. Tavan \u00e7\u00f6kmesi nedeniyle evde bulunanlardan 6 ki\u015fi yaralanarak hastanelere kald\u0131r\u0131l\u0131rken, yaral\u0131lar\u0131n sa\u011fl\u0131k durumlar\u0131n\u0131n iyi oldu\u011fu \u00f6\u011frenildi.<\/p>\n<p>Olay, Merkezefendi il\u00e7esi Muratdede Mahallesi 272\/3 sokak \u00fczerindeki tek katl\u0131 kerpi\u00e7 evde meydana geldi. Hamit Tan\u2019a ait evde Pazar g\u00fcn\u00fc ger\u00e7ekle\u015fecek olan d\u00fc\u011f\u00fcn\u00fcn haz\u0131rl\u0131klar\u0131 yap\u0131l\u0131yordu. D\u00fc\u011f\u00fcnde da\u011f\u0131t\u0131lacak \u00e7erezlerin haz\u0131rlan\u0131rken, aile \u00fcyeleri bir yandan da kendi aralar\u0131nda oyun havas\u0131 ile e\u011flendi\u011fi \u00f6\u011frenildi. Ailenin mutlu haz\u0131rl\u0131klar\u0131 s\u0131ras\u0131nda i\u00e7erisinde bulunduklar\u0131 kerpi\u00e7 evin tavan\u0131 \u00e7\u00f6kt\u00fc. Tavan\u0131n \u00e7\u00f6kmesiyle birlikte evdekilerin yard\u0131m \u00e7\u0131\u011fl\u0131klar\u0131 y\u00fckseldi. Kom\u015fular\u0131n\u0131n 112 Acil \u00c7a\u011fr\u0131 Merkezine ihbarda bulundu. \u0130hbar \u00fczerine b\u00f6lgeye AFAD, UMKE, sa\u011fl\u0131k, polis, itfaiye ve SAR arama kurtarma ekipleri sevk edildi. AFAD, UMKE, itfaiye ve SAR ekipleri tavan\u0131 \u00e7\u00f6ken eve girerek i\u00e7eride bulunan yaral\u0131lar\u0131 tahliye etti. Tavan\u0131n \u00e7\u00f6kmesi \u00fczerine yaralanan 6 ki\u015fi ambulanslarla \u00e7evre hastanelere sevk edildi. Hastanelere kald\u0131r\u0131lan yaral\u0131lar\u0131n hayati tehlikelerinin bulunmad\u0131\u011f\u0131, sa\u011fl\u0131k durumlar\u0131n\u0131n iyi oldu\u011fu \u00f6\u011frenildi. Ekipler tavan\u0131 \u00e7\u00f6ken evde detayl\u0131 incelemelerinin ard\u0131ndan ise kerpi\u00e7 ev m\u00fch\u00fcrlendi.<\/p>\n<p>Olayla ilgili ba\u015flat\u0131lan soru\u015fturma s\u00fcr\u00fcyor.<br \/><\/p>\n","protected":false},"excerpt":{"rendered":"<p>Denizli\u2019de d\u00fc\u011f\u00fcnde da\u011f\u0131t\u0131lacak \u00e7erezlerin ambalajlanmas\u0131 i\u00e7in bir araya gelen akrabalar\u0131n bulundu\u011fu kerpi\u00e7 evin tavan\u0131 \u00e7\u00f6kt\u00fc. Tavan \u00e7\u00f6kmesi nedeniyle evde bulunanlardan 6 ki\u015fi yaralanarak hastanelere kald\u0131r\u0131l\u0131rken, yaral\u0131lar\u0131n sa\u011fl\u0131k durumlar\u0131n\u0131n iyi oldu\u011fu \u00f6\u011frenildi. Olay, Merkezefendi il\u00e7esi Muratdede Mahallesi 272\/3 sokak \u00fczerindeki tek katl\u0131 kerpi\u00e7 evde meydana geldi. Hamit Tan\u2019a ait evde Pazar g\u00fcn\u00fc ger\u00e7ekle\u015fecek olan d\u00fc\u011f\u00fcn\u00fcn haz\u0131rl\u0131klar\u0131&#8230;<\/p>\n","protected":false},"author":1,"featured_media":60864,"comment_status":"open","ping_status":"open","sticky":false,"template":"","format":"standard","meta":{"_crdt_document":"","footnotes":""},"categories":[5],"tags":[],"class_list":["post-60863","post","type-post","status-publish","format-standard","has-post-thumbnail","hentry","category-asayis"],"_links":{"self":[{"href":"https:\/\/www.egemtv.com\/index.php?rest_route=\/wp\/v2\/posts\/60863","targetHints":{"allow":["GET"]}}],"collection":[{"href":"https:\/\/www.egemtv.com\/index.php?rest_route=\/wp\/v2\/posts"}],"about":[{"href":"https:\/\/www.egemtv.com\/index.php?rest_route=\/wp\/v2\/types\/post"}],"author":[{"embeddable":true,"href":"https:\/\/www.egemtv.com\/index.php?rest_route=\/wp\/v2\/users\/1"}],"replies":[{"embeddable":true,"href":"https:\/\/www.egemtv.com\/index.php?rest_route=%2Fwp%2Fv2%2Fcomments&post=60863"}],"version-history":[{"count":1,"href":"https:\/\/www.egemtv.com\/index.php?rest_route=\/wp\/v2\/posts\/60863\/revisions"}],"predecessor-version":[{"id":60865,"href":"https:\/\/www.egemtv.com\/index.php?rest_route=\/wp\/v2\/posts\/60863\/revisions\/60865"}],"wp:featuredmedia":[{"embeddable":true,"href":"https:\/\/www.egemtv.com\/index.php?rest_route=\/wp\/v2\/media\/60864"}],"wp:attachment":[{"href":"https:\/\/www.egemtv.com\/index.php?rest_route=%2Fwp%2Fv2%2Fmedia&parent=60863"}],"wp:term":[{"taxonomy":"category","embeddable":true,"href":"https:\/\/www.egemtv.com\/index.php?rest_route=%2Fwp%2Fv2%2Fcategories&post=60863"},{"taxonomy":"post_tag","embeddable":true,"href":"https:\/\/www.egemtv.com\/index.php?rest_route=%2Fwp%2Fv2%2Ftags&post=60863"}],"curies":[{"name":"wp","href":"https:\/\/api.w.org\/{rel}","templated":true}]}}