{"id":60860,"date":"2025-10-12T03:54:30","date_gmt":"2025-10-12T00:54:30","guid":{"rendered":"https:\/\/www.egemtv.com\/?p=60860"},"modified":"2025-10-12T03:54:32","modified_gmt":"2025-10-12T00:54:32","slug":"tavsanlida-trafik-kazasi-6-yarali","status":"publish","type":"post","link":"https:\/\/www.egemtv.com\/?p=60860","title":{"rendered":"Tav\u015fanl\u0131\u2019da trafik kazas\u0131: 6 yaral\u0131"},"content":{"rendered":"<p>K\u00fctahya\u2019n\u0131n Tav\u015fanl\u0131 il\u00e7esinde meydana gelen trafik kazas\u0131nda iki  otomobilin \u00e7arp\u0131\u015fmas\u0131  sonucu 6 ki\u015fi yaraland\u0131. Kaza Tav\u015fanl\u0131 Emet karayolu yolu Derecik kav\u015fa\u011f\u0131nda meydana geldi.<br \/>\n<br \/>Al\u0131nan bilgiye g\u00f6re, Tav\u015fanl\u0131\u2019dan  Emet  istikametine seyir halinde olan O.Y. idaresindeki otomobil ile Derecik kav\u015fa\u011f\u0131na geldi\u011fi  esnada \u015e.E. idaresindeki otomobil ile \u00e7arp\u0131\u015fmas\u0131  sonucu  trafik kazas\u0131  meydana geldi. Kaza ihbar\u0131 \u00fczerine belirtilen yere \u00e7ok say\u0131da 112 acil servis ekipleri ve kolluk kuvvetleri  sevk edildi.<br \/>\n<br \/>Meydana gelen kazada \u00e7arp\u0131\u015fman\u0131n etkisi ile otomobillerde bulunan  \u015e,Y., M.Y., O,G., R.G., .S.G., ve \u015e.E. yaraland\u0131. Yaral\u0131lar 112 acil servis ekiplerinin olay yerinde ilk m\u00fcdahalesinin ard\u0131ndan Tav\u015fanl\u0131 Do\u00e7.  Dr. Mustafa Kalemli  Devlet Hastanesine kald\u0131r\u0131ld\u0131. Kaza ile ilgili olarak soru\u015fturma devam ediyor.<br \/><\/p>\n","protected":false},"excerpt":{"rendered":"<p>K\u00fctahya\u2019n\u0131n Tav\u015fanl\u0131 il\u00e7esinde meydana gelen trafik kazas\u0131nda iki otomobilin \u00e7arp\u0131\u015fmas\u0131 sonucu 6 ki\u015fi yaraland\u0131. Kaza Tav\u015fanl\u0131 Emet karayolu yolu Derecik kav\u015fa\u011f\u0131nda meydana geldi. Al\u0131nan bilgiye g\u00f6re, Tav\u015fanl\u0131\u2019dan Emet istikametine seyir halinde olan O.Y. idaresindeki otomobil ile Derecik kav\u015fa\u011f\u0131na geldi\u011fi esnada \u015e.E. idaresindeki otomobil ile \u00e7arp\u0131\u015fmas\u0131 sonucu trafik kazas\u0131 meydana geldi. Kaza ihbar\u0131 \u00fczerine belirtilen yere&#8230;<\/p>\n","protected":false},"author":1,"featured_media":60861,"comment_status":"open","ping_status":"open","sticky":false,"template":"","format":"standard","meta":{"_crdt_document":"","footnotes":""},"categories":[5],"tags":[],"class_list":["post-60860","post","type-post","status-publish","format-standard","has-post-thumbnail","hentry","category-asayis"],"_links":{"self":[{"href":"https:\/\/www.egemtv.com\/index.php?rest_route=\/wp\/v2\/posts\/60860","targetHints":{"allow":["GET"]}}],"collection":[{"href":"https:\/\/www.egemtv.com\/index.php?rest_route=\/wp\/v2\/posts"}],"about":[{"href":"https:\/\/www.egemtv.com\/index.php?rest_route=\/wp\/v2\/types\/post"}],"author":[{"embeddable":true,"href":"https:\/\/www.egemtv.com\/index.php?rest_route=\/wp\/v2\/users\/1"}],"replies":[{"embeddable":true,"href":"https:\/\/www.egemtv.com\/index.php?rest_route=%2Fwp%2Fv2%2Fcomments&post=60860"}],"version-history":[{"count":1,"href":"https:\/\/www.egemtv.com\/index.php?rest_route=\/wp\/v2\/posts\/60860\/revisions"}],"predecessor-version":[{"id":60862,"href":"https:\/\/www.egemtv.com\/index.php?rest_route=\/wp\/v2\/posts\/60860\/revisions\/60862"}],"wp:featuredmedia":[{"embeddable":true,"href":"https:\/\/www.egemtv.com\/index.php?rest_route=\/wp\/v2\/media\/60861"}],"wp:attachment":[{"href":"https:\/\/www.egemtv.com\/index.php?rest_route=%2Fwp%2Fv2%2Fmedia&parent=60860"}],"wp:term":[{"taxonomy":"category","embeddable":true,"href":"https:\/\/www.egemtv.com\/index.php?rest_route=%2Fwp%2Fv2%2Fcategories&post=60860"},{"taxonomy":"post_tag","embeddable":true,"href":"https:\/\/www.egemtv.com\/index.php?rest_route=%2Fwp%2Fv2%2Ftags&post=60860"}],"curies":[{"name":"wp","href":"https:\/\/api.w.org\/{rel}","templated":true}]}}