{"id":60854,"date":"2025-10-12T01:14:45","date_gmt":"2025-10-11T22:14:45","guid":{"rendered":"https:\/\/www.egemtv.com\/?p=60854"},"modified":"2025-10-12T01:14:46","modified_gmt":"2025-10-11T22:14:46","slug":"dugun-hazirligi-yapilan-evin-tavani-coktu-6-yarali","status":"publish","type":"post","link":"https:\/\/www.egemtv.com\/?p=60854","title":{"rendered":"D\u00fc\u011f\u00fcn haz\u0131rl\u0131\u011f\u0131 yap\u0131lan evin tavan\u0131 \u00e7\u00f6kt\u00fc: 6 yaral\u0131"},"content":{"rendered":"<p>Denizli\u2019de d\u00fc\u011f\u00fcn haz\u0131rl\u0131\u011f\u0131 yap\u0131lan kerpi\u00e7 evin tavan\u0131n\u0131n \u00e7\u00f6kmesi sonucu ilk belirlemelere g\u00f6re 6 ki\u015fi yaraland\u0131.<br \/>\n<br \/>Olay, Merkezefendi il\u00e7esi Muratdede Mahallesi\u2019nde meydana geldi. Edinilen bilgilere g\u00f6re aile aras\u0131nda d\u00fc\u011f\u00fcn haz\u0131rl\u0131\u011f\u0131 yap\u0131lan kerpi\u00e7 evin tavan\u0131 bir anda \u00e7\u00f6kt\u00fc. \u00c7evredeki vatanda\u015flar\u0131n ihbar\u0131 \u00fczerine b\u00f6lgeye \u00e7ok say\u0131da AFAD, UMKE, itfaiye, sa\u011fl\u0131k, polis ve SAR arama kurtarma ekibi sevk edildi. \u0130tfaiye ekipleri taraf\u0131ndan evde bulunan yaral\u0131lar \u00e7\u0131kar\u0131larak sa\u011fl\u0131k ekiplerine teslim edildi. \u00c7al\u0131\u015fmalar\u0131n devam etti\u011fi \u00f6\u011frenilirken, ilk belirlemelere g\u00f6re 6 yaral\u0131 ambulanslarla \u00e7evre hastanelere kald\u0131r\u0131ld\u0131.<br \/>\n<br \/>Olayla ilgili soru\u015fturma ba\u015flat\u0131ld\u0131.<br \/><\/p>\n","protected":false},"excerpt":{"rendered":"<p>Denizli\u2019de d\u00fc\u011f\u00fcn haz\u0131rl\u0131\u011f\u0131 yap\u0131lan kerpi\u00e7 evin tavan\u0131n\u0131n \u00e7\u00f6kmesi sonucu ilk belirlemelere g\u00f6re 6 ki\u015fi yaraland\u0131. Olay, Merkezefendi il\u00e7esi Muratdede Mahallesi\u2019nde meydana geldi. Edinilen bilgilere g\u00f6re aile aras\u0131nda d\u00fc\u011f\u00fcn haz\u0131rl\u0131\u011f\u0131 yap\u0131lan kerpi\u00e7 evin tavan\u0131 bir anda \u00e7\u00f6kt\u00fc. \u00c7evredeki vatanda\u015flar\u0131n ihbar\u0131 \u00fczerine b\u00f6lgeye \u00e7ok say\u0131da AFAD, UMKE, itfaiye, sa\u011fl\u0131k, polis ve SAR arama kurtarma ekibi sevk edildi&#8230;.<\/p>\n","protected":false},"author":1,"featured_media":60855,"comment_status":"open","ping_status":"open","sticky":false,"template":"","format":"standard","meta":{"_crdt_document":"","footnotes":""},"categories":[5],"tags":[],"class_list":["post-60854","post","type-post","status-publish","format-standard","has-post-thumbnail","hentry","category-asayis"],"_links":{"self":[{"href":"https:\/\/www.egemtv.com\/index.php?rest_route=\/wp\/v2\/posts\/60854","targetHints":{"allow":["GET"]}}],"collection":[{"href":"https:\/\/www.egemtv.com\/index.php?rest_route=\/wp\/v2\/posts"}],"about":[{"href":"https:\/\/www.egemtv.com\/index.php?rest_route=\/wp\/v2\/types\/post"}],"author":[{"embeddable":true,"href":"https:\/\/www.egemtv.com\/index.php?rest_route=\/wp\/v2\/users\/1"}],"replies":[{"embeddable":true,"href":"https:\/\/www.egemtv.com\/index.php?rest_route=%2Fwp%2Fv2%2Fcomments&post=60854"}],"version-history":[{"count":1,"href":"https:\/\/www.egemtv.com\/index.php?rest_route=\/wp\/v2\/posts\/60854\/revisions"}],"predecessor-version":[{"id":60856,"href":"https:\/\/www.egemtv.com\/index.php?rest_route=\/wp\/v2\/posts\/60854\/revisions\/60856"}],"wp:featuredmedia":[{"embeddable":true,"href":"https:\/\/www.egemtv.com\/index.php?rest_route=\/wp\/v2\/media\/60855"}],"wp:attachment":[{"href":"https:\/\/www.egemtv.com\/index.php?rest_route=%2Fwp%2Fv2%2Fmedia&parent=60854"}],"wp:term":[{"taxonomy":"category","embeddable":true,"href":"https:\/\/www.egemtv.com\/index.php?rest_route=%2Fwp%2Fv2%2Fcategories&post=60854"},{"taxonomy":"post_tag","embeddable":true,"href":"https:\/\/www.egemtv.com\/index.php?rest_route=%2Fwp%2Fv2%2Ftags&post=60854"}],"curies":[{"name":"wp","href":"https:\/\/api.w.org\/{rel}","templated":true}]}}